{"id":4844,"date":"2025-05-26T17:12:30","date_gmt":"2025-05-26T15:12:30","guid":{"rendered":"https:\/\/delinaprej.eu\/?p=4844"},"modified":"2025-05-26T17:13:07","modified_gmt":"2025-05-26T15:13:07","slug":"rfk-poziva-druge-drzave-naj-se-pridruzijo-zda-pri-izstopu-iz-szo-ni-nam-treba-trpeti-omejitev-umirajoce-szo","status":"publish","type":"post","link":"https:\/\/delinaprej.eu\/index.php\/2025\/05\/26\/rfk-poziva-druge-drzave-naj-se-pridruzijo-zda-pri-izstopu-iz-szo-ni-nam-treba-trpeti-omejitev-umirajoce-szo\/","title":{"rendered":"RFK poziva druge dr\u017eave, naj se pridru\u017eijo ZDA pri izstopu iz SZO: \u201eNi nam treba trpeti omejitev umirajo\u010de SZO\u201c \ud83c\uddf8\ud83c\uddee"},"content":{"rendered":"<p><em>Rafa G\u00f3mez-Santos Mart\u00edn 23. maj 2025 16:00<\/em><\/p>\n<p>Robert F. Kennedy mlaj\u0161i, sedanji ameri\u0161ki minister za zdravje in socialne zadeve, je v svojem politi\u010dnem pogumu brez primere odkrito izzval Svetovno zdravstveno organizacijo (WHO), jo ozna\u010dil za \u201eumirajo\u010do\u201c in obto\u017eil, da je pre\u017eeta s korupcijo in pod vplivom politi\u010dnih interesov, zlasti kitajskih.<\/p>\n<p>Kennedy je v posnetem sporo\u010dilu med Svetovno zdravstveno skup\u0161\u010dino v \u017denevi pozval druge dr\u017eave, naj sledijo zgledu Zdru\u017eenih dr\u017eav in izstopijo iz organizacije. Po Kennedyjevem mnenju je SZO napa\u010dno obravnavala pandemijo COVID-19, saj je prikrivala informacije o prenosu virusa na ljudi in spodbujala napa\u010dne teorije o njegovem izvoru.<\/p>\n<p>Kritiziral je tudi novo pogodbo o pandemiji, ki jo je sprejela SZO, in jo ozna\u010dil za nadaljevanje sistemske disfunkcije. Trumpova administracija je v odgovor za\u010dela oblikovati novo svetovno zdravstveno zavezni\u0161tvo z dr\u017eavami, kot so Argentina, Italija in Izrael.<\/p>\n<p><iframe loading=\"lazy\" id=\"odysee-iframe\" src=\"https:\/\/odysee.com\/%24\/embed\/%40JakaKozmos%3Ac%2FRFK_za_ministre_sl%3Ae?r=6FiimuhdMUtc86AuWFCWY5mtviZmv3X8\" width=\"640\" height=\"360\" allowfullscreen=\"allowfullscreen\"><\/iframe><\/p>\n<h4>Temeljita kritika SZO s strani RFK mlaj\u0161ega<\/h4>\n<p>Kennedyjeve kritike SZO niso neutemeljene. Organizacija <em>Children&#8217;s Health Defense<\/em> (CHD), ki jo je vodil, preden je prevzel javno funkcijo, \u017ee od svoje ustanovitve dvomi o varnosti cepiv in obsoja dogovarjanje med vladami in farmacevtsko industrijo.<\/p>\n<p>Kennedy je trdil, da je \u017eivo srebro v cepivih, zlasti tiomersal, odgovorno za nevrolo\u0161ke motnje pri otrocih, \u010deprav so znanstvene \u0161tudije to povezavo ovrgle.<\/p>\n<p>Poleg tega so njegova stali\u0161\u010da o cepljenju spro\u017eila polemike. Na zasli\u0161anju v senatu sem predlagal, da imajo temnopolti morda mo\u010dnej\u0161i imunski sistem kot belci, kar bi lahko upravi\u010dilo druga\u010den urnik cepljenja. Zdravstveni strokovnjaki so to trditev ozna\u010dili za \u201eneznanstveno in zastra\u0161ujo\u010do\u201c.<\/p>\n<h4>Mednarodni odziv in posledice za javno zdravje<\/h4>\n<p>Stali\u0161\u010de Roberta F. Kennedyja mlaj\u0161ega je spro\u017eilo razli\u010dne odzive na mednarodni ravni, zlasti med uveljavljenimi organizacijami, kot sta Svetovna zdravstvena organizacija (WHO) in Center za nadzor in prepre\u010devanje bolezni (CDC).<\/p>\n<p>Te institucije so dosledno zagovarjale varnost in u\u010dinkovitost cepiv ter zavra\u010dale Kennedyjeve pomisleke, ne da bi dopustile prostor za pluralisti\u010dno znanstveno razpravo, ki bi morala biti zna\u010dilna za vsako demokrati\u010dno politiko javnega zdravja.<\/p>\n<p>Kljub soglasju, ki ga spodbujajo ti organi, vse ve\u010d zdravnikov, znanstvenikov in dr\u017eavljanov meni, da je legitimno in potrebno dvomiti o finan\u010dnih in politi\u010dnih povezavah, ki vplivajo na dnevni red institucij, kot je Svetovna zdravstvena organizacija.<br \/>\nKennedy je spro\u017eil pomembna vpra\u0161anja o preglednosti, neodvisnosti in odgovornosti pri upravljanju svetovnega zdravstva &#8211; zlasti v lu\u010di o\u010ditnih napak med pandemijo COVID-19.<\/p>\n<p>Pripoved, da je vsaka kritika cepiv \u201edezinformacija\u201c, je zaskrbljujo\u010da strategija, ki zavra\u010da pravico do druga\u010dnega mnenja in odprte razprave o vpra\u0161anjih v svobodnih dru\u017ebah.<\/p>\n<p>\u0160e bolj zaskrbljujo\u010de je, da se vsak poskus ponovnega razmisleka o svetovnem zdravstvenem sistemu &#8211; kot ga predlaga Kennedy z bolj suvereno in decentralizirano zdravstveno zvezo &#8211; preventivno zavrne zaradi strahu pred \u201erazdrobitvijo\u201c mednarodnega sodelovanja, ki je v mnogih primerih bolj slu\u017eilo interesom podjetij kot dejanski dobrobiti prebivalstva.<\/p>\n<p>V nasprotju s trditvami nekaterih sektorjev kriti\u010dna reorganizacija mednarodnih organov ne pomeni opustitve sodelovanja, temve\u010d mo\u017enost vzpostavitve bolj eti\u010dnega, preglednega in k rezultatom usmerjenega sodelovanja.<\/p>\n<p>Izkazalo se je, da centralizacija v institucijah, kot je SZO, ne zadostuje za u\u010dinkovito odzivanje na globalne gro\u017enje, ki jih pogosto oblikujejo interesi zunaj javnega zdravja.<\/p>\n<p>Na koncu naj povem, da stali\u0161\u010da RFK mlaj\u0161ega ne bi smeli razumeti kot neodgovoren napad, temve\u010d kot nujen poziv k ponovnemu razmisleku o sedanjem modelu upravljanja svetovnega zdravja.<\/p>\n<p>Pravega tveganja za svetovno zdravje ne predstavljajo glasovi, ki zahtevajo reformo, temve\u010d mednarodna struktura, ki deluje brez pravega nadzora in je med milijoni ljudi izgubila verodostojnost.<\/p>\n<p>Znanost ne sme biti podrejena eni sami zgodbi &#8211; odprta mora biti za razpravo, preverjanje in mo\u017enost sprememb. Le tako bo mogo\u010de povrniti zaupanje javnosti in zgraditi bolj zdravo in pravi\u010dnej\u0161o prihodnost za vse.<\/p>\n<h4>O avtorju<\/h4>\n<p><a href=\"https:\/\/gatewayhispanic.com\/author\/mateo-alberto-chinchilla\/\" target=\"_blank\" rel=\"noopener\"><strong>Rafa G\u00f3mez-Santos Mart\u00edn<\/strong><\/a><\/p>\n<p><img loading=\"lazy\" decoding=\"async\" class=\"wp-image-4850 alignleft\" src=\"https:\/\/delinaprej.eu\/wp-content\/uploads\/2025\/05\/image-38-300x225.jpg\" alt=\"\" width=\"110\" height=\"83\" srcset=\"https:\/\/delinaprej.eu\/wp-content\/uploads\/2025\/05\/image-38-300x225.jpg 300w, https:\/\/delinaprej.eu\/wp-content\/uploads\/2025\/05\/image-38-768x576.jpg 768w, https:\/\/delinaprej.eu\/wp-content\/uploads\/2025\/05\/image-38.jpg 1024w\" sizes=\"auto, (max-width: 110px) 100vw, 110px\" \/>Rafael Santos je portugalski pisatelj in politi\u010dni analitik, ki se zavzema za izobra\u017eevanje Hispancev o tradicionalnih vrednotah in pomenu za\u0161\u010dite otrok in dru\u017ein. Z dolgoletnimi izku\u0161njami v medijih in javni razpravi je odlo\u010den zagovornik ohranjanja kulture in moralnih na\u010del v nenehno spreminjajo\u010dem se svetu. Rafael je navdu\u0161en nad kulturo, \u0161portom in aktualnimi zadevami ter v politi\u010dne in dru\u017ebene razprave vna\u0161a pronicljive analize, s katerimi \u017eeli hispanski skupnosti omogo\u010diti znanje in globlje razumevanje vpra\u0161anj, ki oblikujejo njihova \u017eivljenja.<\/p>\n<p><em>Vir: <a href=\"https:\/\/gatewayhispanic.com\/2025\/05\/rfk-urges-other-countries-to-join-the-u-s-in-leaving-the-who-we-dont-have-to-suffer-the\/\" target=\"_blank\" rel=\"noopener\">https:\/\/gatewayhispanic.com\/2025\/05\/rfk-urges-other-countries-to-join-the-u-s-in-leaving-the-who-we-dont-have-to-suffer-the\/<\/a><\/em><\/p>\n<p>*** Prevod <a href=\"https:\/\/www.deepl.com\/Translator\" target=\"_blank\" rel=\"noopener\">www.DeepL.com\/Translator<\/a> (free version) ***<\/p>\n<p><a href=\"https:\/\/delinaprej.eu\/wp-content\/uploads\/2023\/08\/NoAI_sl_en.png\" target=\"_blank\" rel=\"noopener\"><img loading=\"lazy\" decoding=\"async\" class=\"wp-image-3249 size-medium aligncenter\" src=\"https:\/\/delinaprej.eu\/wp-content\/uploads\/2023\/08\/NoAI_sl_en-300x267.png\" alt=\"\" width=\"300\" height=\"267\" srcset=\"https:\/\/delinaprej.eu\/wp-content\/uploads\/2023\/08\/NoAI_sl_en-300x267.png 300w, https:\/\/delinaprej.eu\/wp-content\/uploads\/2023\/08\/NoAI_sl_en-768x683.png 768w, https:\/\/delinaprej.eu\/wp-content\/uploads\/2023\/08\/NoAI_sl_en.png 900w\" sizes=\"auto, (max-width: 300px) 100vw, 300px\" \/><\/a><\/p>\n","protected":false},"excerpt":{"rendered":"<p>Robert F. Kennedy mlaj\u0161i, sedanji ameri\u0161ki minister za zdravje in socialne zadeve, je v svojem politi\u010dnem pogumu brez primere odkrito izzval Svetovno zdravstveno organizacijo (WHO), jo ozna\u010dil za \u201eumirajo\u010do\u201c in obto\u017eil, da je pre\u017eeta s korupcijo in pod vplivom politi\u010dnih interesov, zlasti kitajskih.<\/p>\n","protected":false},"author":1,"featured_media":4846,"comment_status":"closed","ping_status":"closed","sticky":false,"template":"","format":"standard","meta":{"_monsterinsights_skip_tracking":false,"_monsterinsights_sitenote_active":false,"_monsterinsights_sitenote_note":"","_monsterinsights_sitenote_category":0,"site-sidebar-layout":"default","site-content-layout":"","ast-site-content-layout":"default","site-content-style":"default","site-sidebar-style":"default","ast-global-header-display":"","ast-banner-title-visibility":"","ast-main-header-display":"","ast-hfb-above-header-display":"","ast-hfb-below-header-display":"","ast-hfb-mobile-header-display":"","site-post-title":"","ast-breadcrumbs-content":"","ast-featured-img":"","footer-sml-layout":"","ast-disable-related-posts":"","theme-transparent-header-meta":"default","adv-header-id-meta":"","stick-header-meta":"","header-above-stick-meta":"","header-main-stick-meta":"","header-below-stick-meta":"","astra-migrate-meta-layouts":"set","ast-page-background-enabled":"default","ast-page-background-meta":{"desktop":{"background-color":"var(--ast-global-color-4)","background-image":"","background-repeat":"repeat","background-position":"center center","background-size":"auto","background-attachment":"scroll","background-type":"","background-media":"","overlay-type":"","overlay-color":"","overlay-opacity":"","overlay-gradient":""},"tablet":{"background-color":"","background-image":"","background-repeat":"repeat","background-position":"center center","background-size":"auto","background-attachment":"scroll","background-type":"","background-media":"","overlay-type":"","overlay-color":"","overlay-opacity":"","overlay-gradient":""},"mobile":{"background-color":"","background-image":"","background-repeat":"repeat","background-position":"center center","background-size":"auto","background-attachment":"scroll","background-type":"","background-media":"","overlay-type":"","overlay-color":"","overlay-opacity":"","overlay-gradient":""}},"ast-content-background-meta":{"desktop":{"background-color":"var(--ast-global-color-5)","background-image":"","background-repeat":"repeat","background-position":"center center","background-size":"auto","background-attachment":"scroll","background-type":"","background-media":"","overlay-type":"","overlay-color":"","overlay-opacity":"","overlay-gradient":""},"tablet":{"background-color":"var(--ast-global-color-5)","background-image":"","background-repeat":"repeat","background-position":"center center","background-size":"auto","background-attachment":"scroll","background-type":"","background-media":"","overlay-type":"","overlay-color":"","overlay-opacity":"","overlay-gradient":""},"mobile":{"background-color":"var(--ast-global-color-5)","background-image":"","background-repeat":"repeat","background-position":"center center","background-size":"auto","background-attachment":"scroll","background-type":"","background-media":"","overlay-type":"","overlay-color":"","overlay-opacity":"","overlay-gradient":""}},"footnotes":""},"categories":[5,7],"tags":[],"class_list":["post-4844","post","type-post","status-publish","format-standard","has-post-thumbnail","hentry","category-medicina","category-politika"],"aioseo_notices":[],"_links":{"self":[{"href":"https:\/\/delinaprej.eu\/index.php\/wp-json\/wp\/v2\/posts\/4844","targetHints":{"allow":["GET"]}}],"collection":[{"href":"https:\/\/delinaprej.eu\/index.php\/wp-json\/wp\/v2\/posts"}],"about":[{"href":"https:\/\/delinaprej.eu\/index.php\/wp-json\/wp\/v2\/types\/post"}],"author":[{"embeddable":true,"href":"https:\/\/delinaprej.eu\/index.php\/wp-json\/wp\/v2\/users\/1"}],"replies":[{"embeddable":true,"href":"https:\/\/delinaprej.eu\/index.php\/wp-json\/wp\/v2\/comments?post=4844"}],"version-history":[{"count":7,"href":"https:\/\/delinaprej.eu\/index.php\/wp-json\/wp\/v2\/posts\/4844\/revisions"}],"predecessor-version":[{"id":4853,"href":"https:\/\/delinaprej.eu\/index.php\/wp-json\/wp\/v2\/posts\/4844\/revisions\/4853"}],"wp:featuredmedia":[{"embeddable":true,"href":"https:\/\/delinaprej.eu\/index.php\/wp-json\/wp\/v2\/media\/4846"}],"wp:attachment":[{"href":"https:\/\/delinaprej.eu\/index.php\/wp-json\/wp\/v2\/media?parent=4844"}],"wp:term":[{"taxonomy":"category","embeddable":true,"href":"https:\/\/delinaprej.eu\/index.php\/wp-json\/wp\/v2\/categories?post=4844"},{"taxonomy":"post_tag","embeddable":true,"href":"https:\/\/delinaprej.eu\/index.php\/wp-json\/wp\/v2\/tags?post=4844"}],"curies":[{"name":"wp","href":"https:\/\/api.w.org\/{rel}","templated":true}]}}