{"id":4732,"date":"2025-02-24T09:58:16","date_gmt":"2025-02-24T08:58:16","guid":{"rendered":"https:\/\/delinaprej.eu\/?p=4732"},"modified":"2025-02-24T10:00:56","modified_gmt":"2025-02-24T09:00:56","slug":"odgovor-kabineta-predsednika-vlade","status":"publish","type":"post","link":"https:\/\/delinaprej.eu\/index.php\/2025\/02\/24\/odgovor-kabineta-predsednika-vlade\/","title":{"rendered":"ODGOVOR KABINETA PREDSEDNIKA VLADE \ud83c\uddf8\ud83c\uddee"},"content":{"rendered":"<p><em>From: &lt;info@slovenian-lawyers.com&gt;<\/em><br \/>\n<em>Date: Fri, Feb 21, 2025, 05:16<\/em><br \/>\n<em>Subject: Odgovor kabineta predsednika vlade<\/em><br \/>\n<em>To: &lt;info@slovenian-lawyers.com&gt;<\/em><\/p>\n<p><em>Lepo pozdravljeni,<\/em><\/p>\n<p><em>Sporo\u010dam vam, da smo iz kabineta predsednika vlade prejeli drug odgovor (v priponki).<\/em><br \/>\n<em>V dopisu, ki sem ga poslala kabinetu vlade 09.02.2025 (v priponki), sem izrazila resno zaskrbljenost zaradi novih dognanj ameri\u0161kega regulativnega organa FDA in obenem \u00bbzato\u017eila\u00ab Ministrstvo za zdravje, NIJZ in JAZMP, da mi ne posredujejo odgovorov, saj sem se dr\u017eala navodil kabineta, ki so predlagali, da svojo zaskrbljenost naslovim na njih.<\/em><\/p>\n<p><em>Kot boste brali v odgovoru, se je kabinet predsednika vlade obrnil na navedene organe (NIJZ, JAZMP, Ministrstvo za zdravje) in od njih zahteva, da se mi posredujejo odgovor.<\/em><\/p>\n<p><em>Intervencija je dobrodo\u0161la, saj sedaj ne bo potrebno vklju\u010devanje informacijske poobla\u0161\u010denke. To bi bil sicer naslednji korak.<\/em><\/p>\n<p><em>Nekaj informacij o teko\u010dem delu NORTHGROUP.<\/em><\/p>\n<p><em>Skupini se je priklju\u010dilo 24 dr\u017eav, upam da kmalu tudi Nem\u010dija. Prvo odprto pismo so poslale vse dr\u017eave, vendar je odgovorov s strani vlad in ministrstev za zdravje bore malo.<\/em><br \/>\n<em>Zaradi tega je nastala pobuda, za katero stoji avstrijska pravnica dr. Silvia Behrendt. Od EME zahtevamo podatke o ostankih DNK v cepivih proti covidu-19. S temi podatki, ki bi morali biti dostopni javnosti, bomo lahko la\u017eje zahtevali odgovore od zdravstvenih organov.<\/em><br \/>\n<em>V zadnjem dopisu sem vam opisala akcijo, h kateri lahko pristopi vsak. Sporo\u010dam, da smo zbrali dovolj podpisnikov, da lahko za\u010dnemo pogajanja z EMO. Seveda je dobrodo\u0161lo \u010dim ve\u010dje \u0161tevilo udele\u017eencev, zato vas prosim, da se ji priklju\u010dite. Navodila so v priponki. Datum lahko zanemarite, saj akcija \u0161e vedno poteka.<\/em><\/p>\n<p><em>\u0160e bolj pomembno pa je sodelovanje dru\u0161tev, zavodov, civilnih iniciativ (ni potrebno, da so pravne osebe), institucij, saj bo s tem na\u0161a pobuda dobila \u0161e ve\u010djo te\u017eo.<\/em><br \/>\n<em>Prosila bi vas, da me \u010dim prej kontaktirate, \u010de poznate ali imate lastno organizacijo. Poslala vam bom navodila.<\/em><\/p>\n<p><em>Prijazen pozdrav\/Best regards\/Mit freundlichen Gr\u00fc\u00dfen,<\/em><\/p>\n<p><em>Tja\u0161a Vuzem, direktorica Zavoda CISP<\/em><\/p>\n<p><em>Kontakt: 00386 (0) 51 31 2002<\/em><\/p>\n<p><img loading=\"lazy\" decoding=\"async\" class=\"alignnone wp-image-4735\" src=\"https:\/\/delinaprej.eu\/wp-content\/uploads\/2025\/02\/CISP-300x35.jpg\" alt=\"\" width=\"440\" height=\"52\" srcset=\"https:\/\/delinaprej.eu\/wp-content\/uploads\/2025\/02\/CISP-300x35.jpg 300w, https:\/\/delinaprej.eu\/wp-content\/uploads\/2025\/02\/CISP.jpg 534w\" sizes=\"auto, (max-width: 440px) 100vw, 440px\" \/><\/p>\n<p>============================================<br \/>\n<strong>Ministrstvo za zdravje<\/strong><br \/>\n<strong>Kabinet ministrice<\/strong><\/p>\n<p><strong>Nacionalni in\u0161titut za javno zdravje<\/strong><\/p>\n<p><strong>Javna agencija Republike Slovenije za zdravila in medicinske pripomo\u010dke<\/strong><\/p>\n<p>\u0160tevilka: 181-1\/2025\/4<br \/>\nDatum: 12. 2. 2025<br \/>\n<em>Prosimo, da se pri odgovoru sklicujete na na\u0161o \u0161tevilko dokumenta.<\/em><\/p>\n<p><strong>ZADEVA: Mednarodna pobuda znanstvenikov za zaustavitev cepljenja z mRNA substancami <\/strong><strong>proti covidu-19 \u2013 odstop<\/strong><\/p>\n<p>Spo\u0161tovani,<br \/>\nv Kabinetu predsednika Vlade Republike Slovenije smo prejeli dopis gospe Tja\u0161e Vuzem, direktorice<br \/>\nZavoda CISP, ki je izrazila zaskrbljenost zaradi novih znanstvenih dokazov o domnevni kontaminaciji<br \/>\ncepiv proti covidu-19. Kljub predlogu, naj se obrnejo na NIJZ, JAZMP in Ministrstvo za zdravje, zavod<br \/>\nni prejel odgovorov na svoja vpra\u0161anja. Zaradi morebitne nevarnosti za prebivalstvo poziva pristojne<br \/>\ninstitucije, da preu\u010dijo predstavljene znanstvene dokaze in \u010dim prej podajo odgovore.<br \/>\nDopis vam posredujemo v nadaljnjo obravnavo in vas vljudno vas prosimo, da vsebino v okviru svojih<br \/>\npristojnosti preu\u010dite, se do nje opredelite ter o svojih ugotovitvah in sprejetih ukrepih obvestite gospo<br \/>\nVuzem. Prav tako vas prosimo, da s svojimi ugotovitvami in morebitnimi predvidenimi re\u0161itvami v roku<br \/>\n15 dni seznanite Kabinet predsednika vlade.<br \/>\nPrijazen pozdrav.<\/p>\n<p>Luka \u0160POLJAR<br \/>\nVODJA KABINETA<br \/>\n============================================<\/p>\n<p><a href=\"https:\/\/delinaprej.eu\/wp-content\/uploads\/2025\/02\/Kabinet-predsednika-vlade-Tjasa_Vuzem_-_odstop_P-1.pdf\">Kabinet predsednika vlade Tjasa_Vuzem_-_odstop_P-1<\/a><\/p>\n<p><a href=\"https:\/\/delinaprej.eu\/wp-content\/uploads\/2025\/02\/Tjasa-Vuzem-dopis.docx\">Tja\u0161a Vuzem &#8211; dopis<\/a><\/p>\n<p><a href=\"https:\/\/delinaprej.eu\/wp-content\/uploads\/2025\/02\/EMA_Transparency_Initative.pdf\">EMA_Transparency_Initative<\/a><\/p>\n<p><a href=\"https:\/\/delinaprej.eu\/wp-content\/uploads\/2023\/08\/NoAI_sl_en.png\" target=\"_blank\" rel=\"noopener\"><img loading=\"lazy\" decoding=\"async\" class=\"wp-image-3249 size-medium aligncenter\" src=\"https:\/\/delinaprej.eu\/wp-content\/uploads\/2023\/08\/NoAI_sl_en-300x267.png\" alt=\"\" width=\"300\" height=\"267\" srcset=\"https:\/\/delinaprej.eu\/wp-content\/uploads\/2023\/08\/NoAI_sl_en-300x267.png 300w, https:\/\/delinaprej.eu\/wp-content\/uploads\/2023\/08\/NoAI_sl_en-768x683.png 768w, https:\/\/delinaprej.eu\/wp-content\/uploads\/2023\/08\/NoAI_sl_en.png 900w\" sizes=\"auto, (max-width: 300px) 100vw, 300px\" \/><\/a><\/p>\n","protected":false},"excerpt":{"rendered":"<p>Sporo\u010dam vam, da smo iz kabineta predsednika vlade prejeli drug odgovor (v priponki).<br \/>\nV dopisu, ki sem ga poslala kabinetu vlade 09.02.2025 (v priponki), sem izrazila resno zaskrbljenost &#8230;<\/p>\n","protected":false},"author":4,"featured_media":4742,"comment_status":"closed","ping_status":"closed","sticky":false,"template":"","format":"standard","meta":{"_monsterinsights_skip_tracking":false,"_monsterinsights_sitenote_active":false,"_monsterinsights_sitenote_note":"","_monsterinsights_sitenote_category":0,"site-sidebar-layout":"default","site-content-layout":"","ast-site-content-layout":"default","site-content-style":"default","site-sidebar-style":"default","ast-global-header-display":"","ast-banner-title-visibility":"","ast-main-header-display":"","ast-hfb-above-header-display":"","ast-hfb-below-header-display":"","ast-hfb-mobile-header-display":"","site-post-title":"","ast-breadcrumbs-content":"","ast-featured-img":"","footer-sml-layout":"","ast-disable-related-posts":"","theme-transparent-header-meta":"default","adv-header-id-meta":"","stick-header-meta":"","header-above-stick-meta":"","header-main-stick-meta":"","header-below-stick-meta":"","astra-migrate-meta-layouts":"set","ast-page-background-enabled":"default","ast-page-background-meta":{"desktop":{"background-color":"var(--ast-global-color-4)","background-image":"","background-repeat":"repeat","background-position":"center center","background-size":"auto","background-attachment":"scroll","background-type":"","background-media":"","overlay-type":"","overlay-color":"","overlay-opacity":"","overlay-gradient":""},"tablet":{"background-color":"","background-image":"","background-repeat":"repeat","background-position":"center center","background-size":"auto","background-attachment":"scroll","background-type":"","background-media":"","overlay-type":"","overlay-color":"","overlay-opacity":"","overlay-gradient":""},"mobile":{"background-color":"","background-image":"","background-repeat":"repeat","background-position":"center center","background-size":"auto","background-attachment":"scroll","background-type":"","background-media":"","overlay-type":"","overlay-color":"","overlay-opacity":"","overlay-gradient":""}},"ast-content-background-meta":{"desktop":{"background-color":"var(--ast-global-color-5)","background-image":"","background-repeat":"repeat","background-position":"center center","background-size":"auto","background-attachment":"scroll","background-type":"","background-media":"","overlay-type":"","overlay-color":"","overlay-opacity":"","overlay-gradient":""},"tablet":{"background-color":"var(--ast-global-color-5)","background-image":"","background-repeat":"repeat","background-position":"center center","background-size":"auto","background-attachment":"scroll","background-type":"","background-media":"","overlay-type":"","overlay-color":"","overlay-opacity":"","overlay-gradient":""},"mobile":{"background-color":"var(--ast-global-color-5)","background-image":"","background-repeat":"repeat","background-position":"center center","background-size":"auto","background-attachment":"scroll","background-type":"","background-media":"","overlay-type":"","overlay-color":"","overlay-opacity":"","overlay-gradient":""}},"footnotes":""},"categories":[5,7],"tags":[],"class_list":["post-4732","post","type-post","status-publish","format-standard","has-post-thumbnail","hentry","category-medicina","category-politika"],"aioseo_notices":[],"_links":{"self":[{"href":"https:\/\/delinaprej.eu\/index.php\/wp-json\/wp\/v2\/posts\/4732","targetHints":{"allow":["GET"]}}],"collection":[{"href":"https:\/\/delinaprej.eu\/index.php\/wp-json\/wp\/v2\/posts"}],"about":[{"href":"https:\/\/delinaprej.eu\/index.php\/wp-json\/wp\/v2\/types\/post"}],"author":[{"embeddable":true,"href":"https:\/\/delinaprej.eu\/index.php\/wp-json\/wp\/v2\/users\/4"}],"replies":[{"embeddable":true,"href":"https:\/\/delinaprej.eu\/index.php\/wp-json\/wp\/v2\/comments?post=4732"}],"version-history":[{"count":7,"href":"https:\/\/delinaprej.eu\/index.php\/wp-json\/wp\/v2\/posts\/4732\/revisions"}],"predecessor-version":[{"id":4744,"href":"https:\/\/delinaprej.eu\/index.php\/wp-json\/wp\/v2\/posts\/4732\/revisions\/4744"}],"wp:featuredmedia":[{"embeddable":true,"href":"https:\/\/delinaprej.eu\/index.php\/wp-json\/wp\/v2\/media\/4742"}],"wp:attachment":[{"href":"https:\/\/delinaprej.eu\/index.php\/wp-json\/wp\/v2\/media?parent=4732"}],"wp:term":[{"taxonomy":"category","embeddable":true,"href":"https:\/\/delinaprej.eu\/index.php\/wp-json\/wp\/v2\/categories?post=4732"},{"taxonomy":"post_tag","embeddable":true,"href":"https:\/\/delinaprej.eu\/index.php\/wp-json\/wp\/v2\/tags?post=4732"}],"curies":[{"name":"wp","href":"https:\/\/api.w.org\/{rel}","templated":true}]}}