{"id":3727,"date":"2024-01-30T15:36:22","date_gmt":"2024-01-30T14:36:22","guid":{"rendered":"https:\/\/delinaprej.eu\/?p=3727"},"modified":"2024-01-30T15:36:52","modified_gmt":"2024-01-30T14:36:52","slug":"ne-zelijo-da-ljudstvo-vidi-po-katerih-pogodbah-je-uporabljen-njihov-denar","status":"publish","type":"post","link":"https:\/\/delinaprej.eu\/index.php\/2024\/01\/30\/ne-zelijo-da-ljudstvo-vidi-po-katerih-pogodbah-je-uporabljen-njihov-denar\/","title":{"rendered":"NE \u017dELIJO, DA LJUDSTVO VIDI PO KATERIH POGODBAH JE (U)PORABLJEN NJIHOV DENAR &#8230; \ud83c\uddf8\ud83c\uddee"},"content":{"rendered":"<p>Slovenski evroposlanci (ki naj bi bili izvoljeni s strani ljudstva Slovenije in naj bi delali v najbolj\u0161em interesu le-teh), NE \u017dELIJO, da se objavijo neredigirane pogodbe za nakup &#8220;cepiv&#8221; proti COVID 19, torej, NE \u017dELIJO, da ima ljudstvo Slovenije vpogled za kaj in koliko njihovega davkopla\u010devalskega denarja je nekdo porabil, ne da bi bil kdorkoli od prebivalcev Slovenije (pla\u010dnikov) o tem karkoli vpra\u0161an.<\/p>\n<p>Namre\u010d, 17. januarja 2024 se je na plenarni seji EU Parlamenta, med ostalim, glasovalo o amandmajih na poro\u010dilo Petra Jahra o delu evropskega ombudsmana. Evroposlanec Cristian Terhe\u015f je v imenu skupine ECR podal 6 amandmajev na tekst poro\u010dila. Vseh 6 amandmajev je bilo zavrnjenih in potem je bil tekst v celoti sprejet. Posebej je zanimiv amandma \u0161t. 6, v katerem se predlaga dodatni \u010dlen poro\u010dila in sicer: &#8220;14a. Pozivi varuhU \u010dlovekovih pravic, naj Komisijo \u0161e naprej poziva, naj nemudoma objavi neredigirane pogodbe v zvezi z javnim naro\u010dilom cepiv COVID-19&#8221;.<\/p>\n<p>Sicer, za amandmaja 1 in 6 sta Brglez in Nemec glasovala &#8220;ZA&#8221;, za amandma 4 je Brglez glasoval &#8220;ZA&#8221;.<\/p>\n<p>Vsi ostali so glasovali &#8220;PROTI&#8221; vsem \u0161estim amandmajem.<\/p>\n<p>Potem so <strong>VSI SLOVENSKI EU POSLANCI GLASOVALI, DA SE BESEDILO PORO\u010cILA SPREJME V CELOTI BREZ SPREMEMB.<\/strong><\/p>\n<p><strong>ALI TO POMENI, DA SO GLASOVALI V SKLADU IN V DOGOVORU Z VLADO SLOVENIJE?<\/strong><\/p>\n<p>Originalni dokument s predlo\u017eenimi amandmaji:<\/p>\n<p>Rezltati glasovanja (poimensko) &#8211; strani 103-116<\/p>\n<p>Predlo\u017eeni amandmaji:<br \/>\n<span style=\"background: #fcff96;\"><br \/>\n<strong>Amendment 1<\/strong><br \/>\n<span style=\"background: #fcff96;\"><br \/>\n<strong>Cristian Terhe\u015f<\/strong><br \/>\n<strong>on behalf of the ECR Group<\/strong><br \/>\n<span style=\"background: #fcff96;\"><br \/>\n<strong>Motion for a resolution<\/strong><br \/>\n<strong>Recital O<\/strong><\/span><\/span><\/span><br \/>\n<span style=\"background: #fcff96;\"><br \/>\nMotion for a resolution Amendment<br \/>\nO. whereas the Ombudsman opened a strategic inquiry into the systemic and significant delays in how the Commission handles requests for public access to documents;<br \/>\nwhereas the Ombudsman found maladministration in the Commission\u2019s way of handling such requests, notably in dealing with requests to review initial decisions (\u2018confirmatory applications\u2019)<sup>6<\/sup>;<br \/>\n<span style=\"background: #fcff96;\"><br \/>\nAmendment<br \/>\nO. whereas the Ombudsman opened a strategic inquiry into the systemic and significant delays in how the Commission handles requests for public access to documents, including documents concerning the purchase of COVID-19 vaccines;<br \/>\nwhereas the Ombudsman found maladministration in the Commission\u2019s way of handling such requests, notably in dealing with requests to review initial decisions (\u2018confirmatory applications\u2019)<em><span class=\"font-size-14\" data-font-size-mark=\"14\"><sup>6<\/sup>;<br \/>\n__________<br \/>\n<\/span><\/em><sup>6<\/sup> European Ombudsman, \u2018Decision on the time the European Commission takes to deal with requests for public access to documents (strategic inquiry OI\/2\/2022\/OAM)\u2019, 18 September 2023.<\/span><\/span><\/p>\n<p><em>*** prevod ***<\/em><br \/>\nSprememba 1<\/p>\n<p>Cristian Terhe\u015f<br \/>\nv imenu skupine ECR<\/p>\n<p>Predlog resolucije<br \/>\nUvodna izjava O<\/p>\n<p>Predlog resolucije Sprememba<br \/>\nO. ker je varuh \u010dlovekovih pravic za\u010del strate\u0161ko preiskavo o sistemskih in znatnih zamudah pri obravnavi zahtevkov za dostop javnosti do dokumentov s strani Komisije;<br \/>\nker je varuh \u010dlovekovih pravic ugotovil nepravilnosti pri na\u010dinu obravnavanja takih zahtevkov s strani Komisije, zlasti pri obravnavanju zahtevkov za pregled prvotnih odlo\u010ditev (&#8220;potrditvenih zahtevkov&#8221;)<sup>6<\/sup>;<\/p>\n<p>Sprememba<br \/>\nO. ker je varuh \u010dlovekovih pravic za\u010del strate\u0161ko preiskavo o sistemskih in znatnih zamudah pri tem, kako Komisija obravnava zahteve za dostop javnosti do dokumentov, vklju\u010dno z dokumenti v zvezi z nakupom cepiv COVID-19;<br \/>\nker je varuh \u010dlovekovih pravic ugotovil nepravilnosti pri na\u010dinu obravnavanja takih zahtevkov s strani Komisije, zlasti pri obravnavanju zahtevkov za revizijo prvotnih odlo\u010ditev (&#8220;potrditvenih zahtevkov&#8221;)<\/p>\n<p>za \/ proti \/ vzdr\u017eani &#8211; 185, 423, 9<br \/>\n<span style=\"background: #fcff96;\"><br \/>\n<strong>Amendment 2<\/strong><br \/>\n<span style=\"background: #fcff96;\"><br \/>\n<strong>Cristian Terhe\u015f<\/strong><br \/>\n<strong>on behalf of the ECR Group<\/strong><br \/>\n<span style=\"background: #fcff96;\"><br \/>\n<strong>Motion for a resolution<\/strong><br \/>\n<strong>Recital P a (new)<\/strong><br \/>\n<span style=\"background: #fcff96;\"><br \/>\nAmendment<br \/>\nPa. whereas in 2022 the Ombudsman continued to receive a large number of complaints related to the COVID-19 pandemic, predominantly concerning measures national authorities had put in place in response to the pandemic and the right to move freely within the EU;<br \/>\nwhereas the Ombudsman replied even to the complaints that were out of mandate and to all those seeking help in the language of their complaint or in the language of their preference by clarifying the Ombudsman\u2019s mandate and, as far as possible, advising complainants to turn to other bodies<sup>1a<\/sup>;<br \/>\n__________<br \/>\n<sup>1a<\/sup> European Ombudsman, \u2018<a href=\"https:\/\/www.ombudsman.europa.eu\/en\/publication\/en\/167855\" rel=\"noopener noreferrer nofollow\">Annual Report 2022<\/a>\u2019, 25 April 2023.<\/span><\/span><\/span><\/span><br \/>\n<em>*** prevod ***<\/em><br \/>\nSprememba 2<\/p>\n<p>Cristian Terhe\u015f<br \/>\nv imenu skupine ECR<\/p>\n<p>Predlog resolucije<br \/>\nUvodna izjava P a (nova)<\/p>\n<p>Sprememba<br \/>\nPa. ker je varuh \u010dlovekovih pravic leta 2022 \u0161e naprej prejemal veliko \u0161tevilo prito\u017eb v zvezi s pandemijo COVID-19, ki so se prete\u017eno nana\u0161ale na ukrepe, ki so jih nacionalni organi uvedli kot odziv na pandemijo, in na pravico do prostega gibanja v EU;<br \/>\nker je varuh \u010dlovekovih pravic odgovarjal tudi na prito\u017ebe, ki niso bile v njegovi pristojnosti, in vsem, ki so iskali pomo\u010d v jeziku prito\u017ebe ali v jeziku, ki jim je ljub\u0161i, tako da je pojasnil pristojnosti varuha \u010dlovekovih pravic in prito\u017enikom, kolikor je bilo mogo\u010de, svetoval, naj se obrnejo na druge organe<sup>1a<\/sup><\/p>\n<p>za \/ proti \/ vzdr\u017eani &#8211; 194, 373, 39<br \/>\n<span style=\"background: #fcff96;\"><br \/>\n<strong>Amendment 3<\/strong><br \/>\n<span style=\"background: #fcff96;\"><br \/>\n<strong>Cristian Terhe\u015f<\/strong><br \/>\n<strong>on behalf of the ECR Group<\/strong><br \/>\n<span style=\"background: #fcff96;\"><br \/>\n<strong>Motion for a resolution<\/strong><br \/>\n<strong>Recital P b (new)<\/strong><br \/>\n<span style=\"background: #fcff96;\"><br \/>\nAmendment<br \/>\nPb. whereas in 2022 the Ombudsman determined that the manner in which the Commission addressed a request for public access to documents related to the quality of medical masks distributed during the COVID-19 pandemic<strong><span class=\"font-size-14\" data-font-size-mark=\"14\"><sup>1a<\/sup> constituted maladministration;<br \/>\nwhereas this judgment is grounded in the Commission\u2019s failure to grant complete access to three pending documents and the consequential issue that, due to the Commission\u2019s stalling for nearly two years, the complainant is currently unable to utilise the disclosed information for its originally intended purpose;<br \/>\n__________<br \/>\n<\/span><\/strong><sup>1a<\/sup> <a href=\"https:\/\/www.ombudsman.europa.eu\/en\/publication\/en\/167855\" rel=\"noopener noreferrer nofollow\"><strong><span class=\"font-size-14\" data-font-size-mark=\"14\">European Ombudsman decision of 25 May 2022 on how the European Commission handled a request for public access to documents concerning the quality of medical masks distributed during the COVID-19 pandemic (case 790\/2021\/MIG)<\/span><\/strong><\/a>.<\/span><\/span><\/span><\/span><br \/>\n<em>*** prevod ***<\/em><br \/>\nSprememba 3<\/p>\n<p>Cristian Terhe\u015f<br \/>\nv imenu skupine ECR<\/p>\n<p>Predlog resolucije<br \/>\nUvodna izjava P b (nova)<\/p>\n<p>Sprememba<br \/>\nPb. ker je varuh \u010dlovekovih pravic leta 2022 ugotovil, da je na\u010din, na katerega je Komisija obravnavala zahtevo za dostop javnosti do dokumentov, povezanih s kakovostjo medicinskih mask, razdeljenih med pandemijo COVID-19<sup>1a<\/sup>, pomenil nepravilnosti pri upravljanju;<br \/>\nker ta sodba temelji na tem, da Komisija ni odobrila popolnega dostopa do treh dokumentov, ki so v obravnavi, in posledi\u010dno na tem, da prito\u017enik zaradi skoraj dveletnega zavla\u010devanja Komisije trenutno ne more uporabiti razkritih informacij za prvotno predvideni namen;<\/p>\n<p>za \/ proti \/ vzdr\u017eani &#8211; 220, 365, 32<br \/>\n<span style=\"background: #fcff96;\"><br \/>\n<strong>Amendment 4<\/strong><br \/>\n<span style=\"background: #fcff96;\"><br \/>\n<strong>Cristian Terhe\u015f<\/strong><br \/>\n<strong>on behalf of the ECR Group<\/strong><br \/>\n<span style=\"background: #fcff96;\"><br \/>\n<strong>Motion for a resolution<\/strong><br \/>\n<strong>Recital T a (new)<\/strong><br \/>\n<span style=\"background: #fcff96;\"><br \/>\nAmendment<br \/>\nTa. whereas in 2022, noticing the flagrant absence of public information, the Ombudsman asked the Commission how it would ensure transparency in the negotiations of national recovery plans, how it would guarantee public scrutiny of milestones reached by Member States, and how it would supervise the audits<sup>1a<\/sup>;<br \/>\n__________<br \/>\n<sup>1a<\/sup> European Ombudsman, \u2018<a href=\"https:\/\/www.ombudsman.europa.eu\/en\/publication\/en\/167855\" rel=\"noopener noreferrer nofollow\">Ombudsman asks Commission how it will ensure accountability of recovery fund spending<\/a>\u2019, 28 February 2022.<\/span><\/span><\/span><\/span><br \/>\n<em>*** prevod ***<\/em><br \/>\nSprememba 4<\/p>\n<p>Cristian Terhe\u015f<br \/>\nv imenu skupine ECR<\/p>\n<p>Predlog resolucije<br \/>\nUvodna izjava T a (nova)<\/p>\n<p>Sprememba<br \/>\nTa. ker je varuh \u010dlovekovih pravic leta 2022, ko je opazil o\u010ditno pomanjkanje javnih informacij, vpra\u0161al Komisijo, kako bo zagotovila preglednost pri pogajanjih o nacionalnih na\u010drtih za o\u017eivitev gospodarstva, kako bo zagotovila javni nadzor nad mejniki, ki so jih dosegle dr\u017eave \u010dlanice, in kako bo nadzorovala revizije<sup>1a<\/sup><\/p>\n<p>za \/ proti \/ vzdr\u017eani &#8211; 159, 358, 99<br \/>\n<span style=\"background: #fcff96;\"><br \/>\n<strong>Amendment 5<\/strong><br \/>\n<span style=\"background: #fcff96;\"><br \/>\n<strong>Cristian Terhe\u015f<\/strong><br \/>\n<strong>on behalf of the ECR Group<\/strong><br \/>\n<span style=\"background: #fcff96;\"><br \/>\n<strong>Motion for a resolution<\/strong><br \/>\n<strong>Paragraph 2 a (new)<\/strong><br \/>\n<span style=\"background: #fcff96;\"><br \/>\nAmendment<br \/>\n2a. Congratulates the European Ombudsman for her exemplary efforts during the pandemic years in safeguarding the rights of citizens against the unprecedented abuses by the Commission and in investigating the Commission\u2019s refusal to provide access to documents and text messages related to the negotiation of COVID-19 vaccine purchase contracts using public funds;<\/span><\/span><\/span><\/span><br \/>\n<em>*** prevod ***<\/em><br \/>\nSprememba 5<\/p>\n<p>Cristian Terhe\u015f<br \/>\nv imenu skupine ECR<\/p>\n<p>Predlog resolucije<br \/>\nOdstavek 2 a (novo)<\/p>\n<p>Sprememba<br \/>\n2a. \u010destita evropskemu varuhu \u010dlovekovih pravic za njena zgledna prizadevanja v letih pandemije pri varovanju pravic dr\u017eavljanov pred zlorabami Komisije brez primere in pri preiskavi zavrnitve dostopa Komisije do dokumentov in besedilnih sporo\u010dil, povezanih s pogajanji o pogodbah o nakupu cepiva COVID-19 z uporabo javnih sredstev;<\/p>\n<p>za \/ proti \/ vzdr\u017eani &#8211; 265, 348, 11<br \/>\n<span style=\"background: #fcff96;\"><br \/>\n<strong>Amendment 6<\/strong><br \/>\n<span style=\"background: #fcff96;\"><br \/>\n<strong>Cristian Terhe\u015f<\/strong><br \/>\n<strong>on behalf of the ECR Group<\/strong><br \/>\n<span style=\"background: #fcff96;\"><br \/>\n<strong>Motion for a resolution<\/strong><br \/>\n<strong>Paragraph 14 a (new)<\/strong><br \/>\n<span style=\"background: #fcff96;\"><br \/>\nAmendment<br \/>\n14a. Calls on the Ombudsman to persist in urging the Commission to immediately publish the unredacted contracts related to the procurement of COVID-19 vaccines;<\/span><\/span><\/span><\/span><br \/>\n<em>*** prevod ***<\/em><br \/>\nSprememba 6<\/p>\n<p>Cristian Terhe\u015f<br \/>\nv imenu skupine ECR<\/p>\n<p>Predlog resolucije<br \/>\nOdstavek 14 a (novo)<\/p>\n<p>Sprememba<br \/>\n14a. poziva varuha \u010dlovekovih pravic, naj Komisijo \u0161e naprej poziva, naj nemudoma objavi neredigirane pogodbe v zvezi z javnim naro\u010dilom cepiv COVID-19;<\/p>\n<p>za \/ proti \/ vzdr\u017eani &#8211; 254, 349, 17<\/p>\n<p><strong>Za sprejem poro\u010dila v celoti:<\/strong><br \/>\nza \/ proti \/ vzdr\u017eani &#8211; 543, 12, 64<\/p>\n<p>Potek glasovanja<br \/>\n<iframe loading=\"lazy\" id=\"odysee-iframe\" src=\"https:\/\/odysee.com\/$\/embed\/@kvazdj:3\/EU_17_01_2024_download-31e9452d-c3a8-4f37-a9fb-54d818bc4bb9-(1):9?r=3ZqmbnyeuNcDrWJfwq2r8NYDD1PDUWoi\" width=\"640\" height=\"360\" allowfullscreen=\"allowfullscreen\"><\/iframe><\/p>\n<p>Viri:<br \/>\n<a href=\"https:\/\/www.europarl.europa.eu\/plenary\/en\/votes.html?tab=votes\" rel=\"noopener noreferrer nofollow\" data-link-auto=\"\">https:\/\/www.europarl.europa.eu\/plenary\/en\/votes.html?tab=votes<\/a><br \/>\n<a href=\"https:\/\/www.europarl.europa.eu\/doceo\/document\/A-9-2023-0414_EN.html\" rel=\"noopener noreferrer nofollow\" data-link-auto=\"\">https:\/\/www.europarl.europa.eu\/doceo\/document\/A-9-2023-0414_EN.html<\/a><\/p>\n<p>Vir prispevka:<\/p>\n<table style=\"width: 600px; border: 0px;\">\n<tbody>\n<tr>\n<td style=\"border: 0px;\"><div class=\"vlp-link-container vlp-layout-basic\"><a href=\"https:\/\/publishwall.si\/kvazdj\/qpost\/331771\" class=\"vlp-link\" title=\"NE \u017dELIJO, DA LJUDSTVO VIDI PO KATERIH POGODBAH JE (U)PORABLJEN NJIHOV DENAR ...\" rel=\"nofollow\" target=\"_blank\"><\/a><div class=\"vlp-layout-zone-side\"><div class=\"vlp-block-2 vlp-link-image\"><img decoding=\"async\" src=\"https:\/\/uploads.publishwall.si\/publishwall_new\/walls\/50000\/63120\/2024\/01\/30\/65b8efb64043b.webp\" style=\"max-width: 150px; max-height: 150px\" \/><\/div><\/div><div class=\"vlp-layout-zone-main\"><div class=\"vlp-block-0 vlp-link-title\">NE \u017dELIJO, DA LJUDSTVO VIDI PO KATERIH POGODBAH JE (U)PORABLJEN NJIHOV DENAR ...<\/div><div class=\"vlp-block-1 vlp-link-summary\">Slovenski evroposlanci (ki naj bi bili izvoljeni s strani ljudstva Slovenije in naj bi delali v najbolj\u0161em interesu le-teh), NE \u017dELIJO, da se objavijo neredigirane pogodbe za nakup<\/div><\/div><\/div><\/td>\n<\/tr>\n<\/tbody>\n<\/table>\n<p><a href=\"https:\/\/delinaprej.eu\/wp-content\/uploads\/2023\/08\/NoAI_sl_en.png\" target=\"_blank\" rel=\"noopener\"><img loading=\"lazy\" decoding=\"async\" class=\"wp-image-3249 size-medium aligncenter\" src=\"https:\/\/delinaprej.eu\/wp-content\/uploads\/2023\/08\/NoAI_sl_en-300x267.png\" alt=\"\" width=\"300\" height=\"267\" srcset=\"https:\/\/delinaprej.eu\/wp-content\/uploads\/2023\/08\/NoAI_sl_en-300x267.png 300w, https:\/\/delinaprej.eu\/wp-content\/uploads\/2023\/08\/NoAI_sl_en-768x683.png 768w, https:\/\/delinaprej.eu\/wp-content\/uploads\/2023\/08\/NoAI_sl_en.png 900w\" sizes=\"auto, (max-width: 300px) 100vw, 300px\" \/><\/a><\/p>\n","protected":false},"excerpt":{"rendered":"<p>Slovenski evroposlanci (ki naj bi bili izvoljeni s strani ljudstva Slovenije in naj bi delali v najbolj\u0161em interesu le-teh), NE \u017dELIJO, da se objavijo neredigirane pogodbe za nakup &#8220;cepiv&#8221; proti COVID 19, torej, NE \u017dELIJO, [&hellip;]<\/p>\n","protected":false},"author":1,"featured_media":3742,"comment_status":"closed","ping_status":"closed","sticky":false,"template":"","format":"standard","meta":{"_monsterinsights_skip_tracking":false,"_monsterinsights_sitenote_active":false,"_monsterinsights_sitenote_note":"","_monsterinsights_sitenote_category":0,"site-sidebar-layout":"default","site-content-layout":"","ast-site-content-layout":"default","site-content-style":"default","site-sidebar-style":"default","ast-global-header-display":"","ast-banner-title-visibility":"","ast-main-header-display":"","ast-hfb-above-header-display":"","ast-hfb-below-header-display":"","ast-hfb-mobile-header-display":"","site-post-title":"","ast-breadcrumbs-content":"","ast-featured-img":"","footer-sml-layout":"","ast-disable-related-posts":"","theme-transparent-header-meta":"default","adv-header-id-meta":"","stick-header-meta":"","header-above-stick-meta":"","header-main-stick-meta":"","header-below-stick-meta":"","astra-migrate-meta-layouts":"set","ast-page-background-enabled":"default","ast-page-background-meta":{"desktop":{"background-color":"var(--ast-global-color-4)","background-image":"","background-repeat":"repeat","background-position":"center center","background-size":"auto","background-attachment":"scroll","background-type":"","background-media":"","overlay-type":"","overlay-color":"","overlay-opacity":"","overlay-gradient":""},"tablet":{"background-color":"","background-image":"","background-repeat":"repeat","background-position":"center center","background-size":"auto","background-attachment":"scroll","background-type":"","background-media":"","overlay-type":"","overlay-color":"","overlay-opacity":"","overlay-gradient":""},"mobile":{"background-color":"","background-image":"","background-repeat":"repeat","background-position":"center center","background-size":"auto","background-attachment":"scroll","background-type":"","background-media":"","overlay-type":"","overlay-color":"","overlay-opacity":"","overlay-gradient":""}},"ast-content-background-meta":{"desktop":{"background-color":"var(--ast-global-color-5)","background-image":"","background-repeat":"repeat","background-position":"center center","background-size":"auto","background-attachment":"scroll","background-type":"","background-media":"","overlay-type":"","overlay-color":"","overlay-opacity":"","overlay-gradient":""},"tablet":{"background-color":"var(--ast-global-color-5)","background-image":"","background-repeat":"repeat","background-position":"center center","background-size":"auto","background-attachment":"scroll","background-type":"","background-media":"","overlay-type":"","overlay-color":"","overlay-opacity":"","overlay-gradient":""},"mobile":{"background-color":"var(--ast-global-color-5)","background-image":"","background-repeat":"repeat","background-position":"center center","background-size":"auto","background-attachment":"scroll","background-type":"","background-media":"","overlay-type":"","overlay-color":"","overlay-opacity":"","overlay-gradient":""}},"footnotes":""},"categories":[7],"tags":[],"class_list":["post-3727","post","type-post","status-publish","format-standard","has-post-thumbnail","hentry","category-politika"],"aioseo_notices":[],"_links":{"self":[{"href":"https:\/\/delinaprej.eu\/index.php\/wp-json\/wp\/v2\/posts\/3727","targetHints":{"allow":["GET"]}}],"collection":[{"href":"https:\/\/delinaprej.eu\/index.php\/wp-json\/wp\/v2\/posts"}],"about":[{"href":"https:\/\/delinaprej.eu\/index.php\/wp-json\/wp\/v2\/types\/post"}],"author":[{"embeddable":true,"href":"https:\/\/delinaprej.eu\/index.php\/wp-json\/wp\/v2\/users\/1"}],"replies":[{"embeddable":true,"href":"https:\/\/delinaprej.eu\/index.php\/wp-json\/wp\/v2\/comments?post=3727"}],"version-history":[{"count":17,"href":"https:\/\/delinaprej.eu\/index.php\/wp-json\/wp\/v2\/posts\/3727\/revisions"}],"predecessor-version":[{"id":5103,"href":"https:\/\/delinaprej.eu\/index.php\/wp-json\/wp\/v2\/posts\/3727\/revisions\/5103"}],"wp:featuredmedia":[{"embeddable":true,"href":"https:\/\/delinaprej.eu\/index.php\/wp-json\/wp\/v2\/media\/3742"}],"wp:attachment":[{"href":"https:\/\/delinaprej.eu\/index.php\/wp-json\/wp\/v2\/media?parent=3727"}],"wp:term":[{"taxonomy":"category","embeddable":true,"href":"https:\/\/delinaprej.eu\/index.php\/wp-json\/wp\/v2\/categories?post=3727"},{"taxonomy":"post_tag","embeddable":true,"href":"https:\/\/delinaprej.eu\/index.php\/wp-json\/wp\/v2\/tags?post=3727"}],"curies":[{"name":"wp","href":"https:\/\/api.w.org\/{rel}","templated":true}]}}