{"id":2608,"date":"2023-03-12T08:52:33","date_gmt":"2023-03-12T07:52:33","guid":{"rendered":"https:\/\/delinaprej.eu\/?p=2608"},"modified":"2023-03-12T08:53:10","modified_gmt":"2023-03-12T07:53:10","slug":"corona-petarda-nosilcem-mask-grozi-kazen-150-evrov","status":"publish","type":"post","link":"https:\/\/delinaprej.eu\/index.php\/2023\/03\/12\/corona-petarda-nosilcem-mask-grozi-kazen-150-evrov\/","title":{"rendered":"Corona petarda! Nosilcem mask grozi kazen 150 evrov \ud83c\uddf8\ud83c\uddee"},"content":{"rendered":"<figure class=\"figure \"><img loading=\"lazy\" decoding=\"async\" class=\"alignnone wp-image-2609 size-full\" src=\"https:\/\/delinaprej.eu\/wp-content\/uploads\/2023\/03\/BecMaske.jpg\" alt=\"\" width=\"558\" height=\"372\" srcset=\"https:\/\/delinaprej.eu\/wp-content\/uploads\/2023\/03\/BecMaske.jpg 558w, https:\/\/delinaprej.eu\/wp-content\/uploads\/2023\/03\/BecMaske-300x200.jpg 300w\" sizes=\"auto, (max-width: 558px) 100vw, 558px\" \/><br \/>\n<em>Po ukinitvi obveznih mask: bo no\u0161enje mask v dunajskem javnem prometu<br \/>\nzdaj kaznovala policija? Getty Images<\/em><figcaption class=\"figure-caption \"><\/figcaption><\/figure>\n<p>Od 1. marca je stvar re\u0161ena: po skoraj treh letih se je obvezno no\u0161enje mask v dunajskem javnem prevozu kon\u010dalo &#8211; bo no\u0161enje mask zdaj kaznovano?<\/p>\n<p>Potem ko je bil Dunaj zadnja de\u017eela, ki je v javnem prometu ohranila obveznost no\u0161enja mask FFP2, je \u017eupan Michael Ludwig kon\u010dno popustil &#8211; od 1. marca je obveznost no\u0161enja mask v javnem prometu ukinjena po vsej Avstriji. Zanimivo: do nedavnega je bila za ne-no\u0161enje maske zagro\u017eena kazen, zdaj bi pa lahko bili kaznovani, ker nosite masko.<\/p>\n<p>Z ukinitvijo obveznosti uporabe maske pravzaprav ponovno za\u010dne veljati <a href=\"https:\/\/www.heute.at\/s\/corona-regeln-wien-maskenpflicht-faellt-weg-was-jetzt-wirklich-gilt-100257588\" target=\"_blank\" rel=\"noopener\">prepoved zakrivanja<\/a>, ki je v veljavi od leta 2017. V skladu s tem je na javnih mestih prepovedano zakrivati obraz do neprepoznavnosti, kar vsekakor vklju\u010duje tudi no\u0161enje maske. Ali bodo morali tisti, ki iz razli\u010dnih razlogov \u0161e vedno ne \u017eelijo biti brez maske, zdaj pla\u010dati?<\/p>\n<p>Dejstvo je: <em>Wiener Linien<\/em> <strong>nima izvr\u0161ilne pristojnosti<\/strong> za zvezne zakone. Kot je za <em>&#8220;Heute&#8221;<\/em> pojasnila tiskovna predstavnica, v hi\u0161nem redu ni prepovedi pokrivanja obraza. Vsakdo, ki \u017eeli nositi za\u0161\u010ditno masko, lahko to stori.<br \/>\n&nbsp;<\/p>\n<h5>Policija lahko kaznuje z globo 150 evrov<\/h5>\n<p>V skladu z zakonom, ki ga je sprejela takratna tur\u0161ko-modra vlada, se lahko izre\u010de <a href=\"https:\/\/www.heute.at\/s\/masken-strafen-so-viel-wurde-in-den-oeffis-kassiert-100257644\" target=\"_blank\" rel=\"noopener\">globa v vi\u0161ini 150 evrov<\/a>, \u010de si nekdo &#8220;z obla\u010dili ali drugimi predmeti zakrije svoje zna\u010dilnosti&#8221;. Strogo gledano lahko to storijo le osebe, ki imajo zdravni\u0161ko potrdilo o nujnosti no\u0161enja maske v javnem prevozu. Zakon je bil v glavnem namenjen muslimankam, katerih pokrivala, ki pokrivajo obraz, so bila trn v peti vladi. Med pandemijo je postal zastarel.<\/p>\n<p><strong>Ministrstvo za notranje zadeve<\/strong> je na vpra\u0161anje \u010dasnika <em>&#8220;Heute&#8221;<\/em> o tem zapletenem vpra\u0161anju odgovorilo:<\/p>\n<blockquote  style=\"border-left: 5px solid #53abe5;\"><p>\n<em>Z odpravo splo\u0161ne zahteve glede maske FFP2 se bo \u010dlen 2(2) AGesVG uporabljal kot prvotno. Pred pandemijo je bilo za uporabo mask iz &#8220;zdravstvenih razlogov&#8221; potrebno zdravni\u0161ko potrdilo. Pri uporabi AGesVG bo policija posredovala na posebno <strong>sorazmeren<\/strong> na\u010din, zlasti v prihodnjih mesecih.<\/p>\n<p><em>\u010ce lahko oseba <strong>verodostojno doka\u017ee zdravstveni razlog<\/strong>, <strong>ne gre za upravni prekr\u0161e<\/strong>k. Cilj in namen prepovedi zakrivanja je spodbujanje vklju\u010devanja. Ta mora biti pri posredovanju v ospredju, vendar pa <strong>zdravje<\/strong> ne sme biti potisnjeno v ozadje.<\/p>\n<p><em>Pristojno zvezno ministrstvo (BMSGPK) trenutno usklajuje, ali in v kak\u0161ni obliki bodo v prihodnosti objavljene opozorilne obveznosti ali priporo\u010dilo za obvezne maske. Ta priporo\u010dila bo treba upo\u0161tevati pri posredovanju. V okviru policije bodo na voljo enotne smernice.<\/em><\/p><\/blockquote>\n<p>Zdi se torej, da je veliko odvisno od pristojnosti posameznih policistov. Vendar pa na podlagi trenutno razpolo\u017eljivih informacij ni <a href=\"https:\/\/www.heute.at\/s\/vordertueren-der-oeffis-ab-mittwoch-wieder-offen-100257411\" target=\"_blank\" rel=\"noopener\">jasne \u010drte<\/a> &#8211; treba je \u0161e videti, kako bodo ravnala pristojna ministrstva.<\/p>\n<p>&nbsp;<br \/>\n<em>*** Prevod narejen z\u00a0<a href=\"https:\/\/www.deepl.com\/Translator\" target=\"_blank\" rel=\"noopener\">www.DeepL.com\/Translator<\/a> (free version) ***<\/em><\/p>\n<p><em>Vir: <a href=\"https:\/\/www.heute.at\/s\/masken-knaller-wer-sie-traegt-koennte-150-strafe-zahlen-100259500\" target=\"_blank\" rel=\"noopener\">https:\/\/www.heute.at\/s\/masken-knaller-wer-sie-traegt-koennte-150-strafe-zahlen-100259500<\/a><\/em><br \/>\n&nbsp;<\/p>\n","protected":false},"excerpt":{"rendered":"<p>Po ukinitvi obveznih mask: bo no\u0161enje mask v dunajskem javnem prometu zdaj kaznovala policija? Getty Images Od 1. marca je stvar re\u0161ena: po skoraj treh letih se je obvezno no\u0161enje mask v dunajskem javnem prevozu [&hellip;]<\/p>\n","protected":false},"author":1,"featured_media":2609,"comment_status":"closed","ping_status":"closed","sticky":false,"template":"","format":"standard","meta":{"_monsterinsights_skip_tracking":false,"_monsterinsights_sitenote_active":false,"_monsterinsights_sitenote_note":"","_monsterinsights_sitenote_category":0,"site-sidebar-layout":"default","site-content-layout":"default","ast-site-content-layout":"default","site-content-style":"default","site-sidebar-style":"default","ast-global-header-display":"","ast-banner-title-visibility":"","ast-main-header-display":"","ast-hfb-above-header-display":"","ast-hfb-below-header-display":"","ast-hfb-mobile-header-display":"","site-post-title":"","ast-breadcrumbs-content":"","ast-featured-img":"","footer-sml-layout":"","ast-disable-related-posts":"","theme-transparent-header-meta":"default","adv-header-id-meta":"","stick-header-meta":"","header-above-stick-meta":"","header-main-stick-meta":"","header-below-stick-meta":"","astra-migrate-meta-layouts":"default","ast-page-background-enabled":"default","ast-page-background-meta":{"desktop":{"background-color":"var(--ast-global-color-4)","background-image":"","background-repeat":"repeat","background-position":"center center","background-size":"auto","background-attachment":"scroll","background-type":"","background-media":"","overlay-type":"","overlay-color":"","overlay-opacity":"","overlay-gradient":""},"tablet":{"background-color":"","background-image":"","background-repeat":"repeat","background-position":"center center","background-size":"auto","background-attachment":"scroll","background-type":"","background-media":"","overlay-type":"","overlay-color":"","overlay-opacity":"","overlay-gradient":""},"mobile":{"background-color":"","background-image":"","background-repeat":"repeat","background-position":"center center","background-size":"auto","background-attachment":"scroll","background-type":"","background-media":"","overlay-type":"","overlay-color":"","overlay-opacity":"","overlay-gradient":""}},"ast-content-background-meta":{"desktop":{"background-color":"var(--ast-global-color-5)","background-image":"","background-repeat":"repeat","background-position":"center center","background-size":"auto","background-attachment":"scroll","background-type":"","background-media":"","overlay-type":"","overlay-color":"","overlay-opacity":"","overlay-gradient":""},"tablet":{"background-color":"var(--ast-global-color-5)","background-image":"","background-repeat":"repeat","background-position":"center center","background-size":"auto","background-attachment":"scroll","background-type":"","background-media":"","overlay-type":"","overlay-color":"","overlay-opacity":"","overlay-gradient":""},"mobile":{"background-color":"var(--ast-global-color-5)","background-image":"","background-repeat":"repeat","background-position":"center center","background-size":"auto","background-attachment":"scroll","background-type":"","background-media":"","overlay-type":"","overlay-color":"","overlay-opacity":"","overlay-gradient":""}},"footnotes":""},"categories":[5,7],"tags":[],"class_list":["post-2608","post","type-post","status-publish","format-standard","has-post-thumbnail","hentry","category-medicina","category-politika"],"aioseo_notices":[],"_links":{"self":[{"href":"https:\/\/delinaprej.eu\/index.php\/wp-json\/wp\/v2\/posts\/2608","targetHints":{"allow":["GET"]}}],"collection":[{"href":"https:\/\/delinaprej.eu\/index.php\/wp-json\/wp\/v2\/posts"}],"about":[{"href":"https:\/\/delinaprej.eu\/index.php\/wp-json\/wp\/v2\/types\/post"}],"author":[{"embeddable":true,"href":"https:\/\/delinaprej.eu\/index.php\/wp-json\/wp\/v2\/users\/1"}],"replies":[{"embeddable":true,"href":"https:\/\/delinaprej.eu\/index.php\/wp-json\/wp\/v2\/comments?post=2608"}],"version-history":[{"count":14,"href":"https:\/\/delinaprej.eu\/index.php\/wp-json\/wp\/v2\/posts\/2608\/revisions"}],"predecessor-version":[{"id":2623,"href":"https:\/\/delinaprej.eu\/index.php\/wp-json\/wp\/v2\/posts\/2608\/revisions\/2623"}],"wp:featuredmedia":[{"embeddable":true,"href":"https:\/\/delinaprej.eu\/index.php\/wp-json\/wp\/v2\/media\/2609"}],"wp:attachment":[{"href":"https:\/\/delinaprej.eu\/index.php\/wp-json\/wp\/v2\/media?parent=2608"}],"wp:term":[{"taxonomy":"category","embeddable":true,"href":"https:\/\/delinaprej.eu\/index.php\/wp-json\/wp\/v2\/categories?post=2608"},{"taxonomy":"post_tag","embeddable":true,"href":"https:\/\/delinaprej.eu\/index.php\/wp-json\/wp\/v2\/tags?post=2608"}],"curies":[{"name":"wp","href":"https:\/\/api.w.org\/{rel}","templated":true}]}}