{"id":2301,"date":"2023-01-23T21:20:49","date_gmt":"2023-01-23T20:20:49","guid":{"rendered":"https:\/\/delinaprej.eu\/?p=2301"},"modified":"2023-01-24T09:24:16","modified_gmt":"2023-01-24T08:24:16","slug":"govornik-wef-moramo-oblikovati-novi-svetovni-red","status":"publish","type":"post","link":"https:\/\/delinaprej.eu\/index.php\/2023\/01\/23\/govornik-wef-moramo-oblikovati-novi-svetovni-red\/","title":{"rendered":"Govornik WEF: &#8216;Moramo oblikovati&#8217; &#8216;novi svetovni red&#8217; \ud83c\uddf8\ud83c\uddee"},"content":{"rendered":"<p><span class=\"entry-author\" style=\"font-size: 13px;\"><img loading=\"lazy\" decoding=\"async\" class=\"alignnone size-full wp-image-2307\" src=\"https:\/\/delinaprej.eu\/wp-content\/uploads\/2023\/01\/8cba3174a095e11a787c2b1268dc9916.png\" alt=\"\" width=\"32\" height=\"32\" \/><span class=\"author vcard\"><span style=\"vertical-align: inherit;\"><span style=\"vertical-align: inherit;\">Frank Bergman <\/span><\/span><\/span><\/span><span class=\"entry-post-date\" style=\"font-size: 13px;\"><span style=\"vertical-align: inherit;\"><span style=\"vertical-align: inherit;\">20. januar 2023<\/span><\/span><\/span><\/p>\n<div>\n<p><img loading=\"lazy\" decoding=\"async\" class=\"alignnone wp-image-2304\" src=\"https:\/\/delinaprej.eu\/wp-content\/uploads\/2023\/01\/bilawal-bhutto-zardari-klaus-schwab-wef-new-world-order-2-300x165.jpg\" alt=\"\" width=\"640\" height=\"352\" srcset=\"https:\/\/delinaprej.eu\/wp-content\/uploads\/2023\/01\/bilawal-bhutto-zardari-klaus-schwab-wef-new-world-order-2-300x165.jpg 300w, https:\/\/delinaprej.eu\/wp-content\/uploads\/2023\/01\/bilawal-bhutto-zardari-klaus-schwab-wef-new-world-order-2-768x421.jpg 768w, https:\/\/delinaprej.eu\/wp-content\/uploads\/2023\/01\/bilawal-bhutto-zardari-klaus-schwab-wef-new-world-order-2.jpg 800w\" sizes=\"auto, (max-width: 640px) 100vw, 640px\" \/><\/p>\n<p><span style=\"vertical-align: inherit;\">Govornik na letnem sre\u010danju Svetovnega gospodarskega foruma (WEF) v Davosu v \u0160vici je udele\u017eencem dejal, da &#8220;moramo oblikovati&#8221; &#8220;novo svetovno ureditev&#8221;.<\/span><\/p>\n<p><span style=\"vertical-align: inherit;\">Pakistanski minister za zunanje zadeve Bilawal Bhutto Zardari je med govorom na vrhu v \u010detrtek izrecno izjavil, da je cilj WEF ustvariti &#8220;nov svetovni red&#8221;.<\/span><\/p>\n<p><span style=\"vertical-align: inherit;\">Zardari je to dejal, ko je nagovarjal svetovne voditelje, voditelje podjetij in globalisti\u010dne politike, ki so se zbrali na vrhu.<\/span><\/p>\n<p><span style=\"vertical-align: inherit;\">Letno sre\u010danje v ekskluzivnem \u0161vicarskem smu\u010di\u0161\u010du se je za\u010delo v ponedeljek in se zaklju\u010duje danes.<\/span><\/p>\n<p><span style=\"vertical-align: inherit;\">Svetovne elite mo\u010di se vsako leto zberejo v Davosu, da bi razpravljale o na\u010drtih za pospe\u0161evanje agende WEF.<\/span><\/p>\n<p><span style=\"vertical-align: inherit;\">Po besedah \u200b\u200bZardarija WEF in njegovi zavezniki uvajajo &#8220;nov normativni mednarodni red&#8221;.<\/span><\/p>\n<p><span style=\"vertical-align: inherit;\">&#8220;Tukaj na WEF \u2026 veliko razpravljamo o tem, kak\u0161en bo novi svetovni red \u2026 kako delamo v smeri tega novega normativnega mednarodnega reda, ki nam omogo\u010da, da obravnavamo na\u0161e razlike in spore kot civiliziran svet,&#8221; je Zardari povedal udele\u017eencem.<\/span><\/p>\n<p><span style=\"vertical-align: inherit;\">\u00bbVerjamem, da smo trenutno v tako hiperstrankarskem, hiperpolariziranem \u010dasu, da danes ne bomo mogli oblikovati tistih &#8216;novih Helsinkov&#8217;.<\/span><\/p>\n<p><span style=\"vertical-align: inherit;\">&#8220;Toda za naprej <\/span><strong>moramo oblikovati<\/strong><span style=\"vertical-align: inherit;\"> in izbolj\u0161ati na\u0161 normativni in mednarodni institucionalni red na mednarodni ravni, da bomo lahko obravnavali te prito\u017ebe,&#8221; je zatrdil.<\/span><\/p>\n<p><span style=\"vertical-align: inherit;\">&#8220;Upam, da bo tokrat, ko <\/span><strong>bomo gradili ta novi svetovni red<\/strong><span style=\"vertical-align: inherit;\"> ali nov red, ki temelji na pravilih, vklju\u010den glas svetovnega juga in sveta v razvoju,&#8221; je dodal.<\/span><\/p>\n<p><strong>GLEJ:<\/strong><\/p>\n<div><iframe loading=\"lazy\" id=\"twitter-widget-0\" title=\"Twitter Tweet\" src=\"https:\/\/platform.twitter.com\/embed\/Tweet.html?dnt=true&amp;embedId=twitter-widget-0&amp;features=eyJ0ZndfdGltZWxpbmVfbGlzdCI6eyJidWNrZXQiOltdLCJ2ZXJzaW9uIjpudWxsfSwidGZ3X2ZvbGxvd2VyX2NvdW50X3N1bnNldCI6eyJidWNrZXQiOnRydWUsInZlcnNpb24iOm51bGx9LCJ0ZndfaG9yaXpvbl90aW1lbGluZV8xMjAzNCI6eyJidWNrZXQiOiJ0cmVhdG1lbnQiLCJ2ZXJzaW9uIjpudWxsfSwidGZ3X3R3ZWV0X2VkaXRfYmFja2VuZCI6eyJidWNrZXQiOiJvbiIsInZlcnNpb24iOm51bGx9LCJ0ZndfcmVmc3JjX3Nlc3Npb24iOnsiYnVja2V0Ijoib24iLCJ2ZXJzaW9uIjpudWxsfSwidGZ3X3Nob3dfYnVzaW5lc3NfdmVyaWZpZWRfYmFkZ2UiOnsiYnVja2V0Ijoib24iLCJ2ZXJzaW9uIjpudWxsfSwidGZ3X2NoaW5fcGlsbHNfMTQ3NDEiOnsiYnVja2V0IjoiY29sb3JfaWNvbnMiLCJ2ZXJzaW9uIjpudWxsfSwidGZ3X3R3ZWV0X3Jlc3VsdF9taWdyYXRpb25fMTM5NzkiOnsiYnVja2V0IjoidHdlZXRfcmVzdWx0IiwidmVyc2lvbiI6bnVsbH0sInRmd19taXhlZF9tZWRpYV8xNTg5NyI6eyJidWNrZXQiOiJ0cmVhdG1lbnQiLCJ2ZXJzaW9uIjpudWxsfSwidGZ3X3NlbnNpdGl2ZV9tZWRpYV9pbnRlcnN0aXRpYWxfMTM5NjMiOnsiYnVja2V0IjoiaW50ZXJzdGl0aWFsIiwidmVyc2lvbiI6bnVsbH0sInRmd19leHBlcmltZW50c19jb29raWVfZXhwaXJhdGlvbiI6eyJidWNrZXQiOjEyMDk2MDAsInZlcnNpb24iOm51bGx9LCJ0ZndfZHVwbGljYXRlX3NjcmliZXNfdG9fc2V0dGluZ3MiOnsiYnVja2V0Ijoib24iLCJ2ZXJzaW9uIjpudWxsfSwidGZ3X3ZpZGVvX2hsc19keW5hbWljX21hbmlmZXN0c18xNTA4MiI6eyJidWNrZXQiOiJ0cnVlX2JpdHJhdGUiLCJ2ZXJzaW9uIjpudWxsfSwidGZ3X3Nob3dfYmx1ZV92ZXJpZmllZF9iYWRnZSI6eyJidWNrZXQiOiJvbiIsInZlcnNpb24iOm51bGx9LCJ0ZndfbGVnYWN5X3RpbWVsaW5lX3N1bnNldCI6eyJidWNrZXQiOnRydWUsInZlcnNpb24iOm51bGx9LCJ0Zndfc2hvd19nb3ZfdmVyaWZpZWRfYmFkZ2UiOnsiYnVja2V0Ijoib24iLCJ2ZXJzaW9uIjpudWxsfSwidGZ3X3Nob3dfYnVzaW5lc3NfYWZmaWxpYXRlX2JhZGdlIjp7ImJ1Y2tldCI6Im9uIiwidmVyc2lvbiI6bnVsbH0sInRmd190d2VldF9lZGl0X2Zyb250ZW5kIjp7ImJ1Y2tldCI6Im9uIiwidmVyc2lvbiI6bnVsbH19&amp;frame=false&amp;hideCard=false&amp;hideThread=false&amp;id=1616374817120485378&amp;lang=en&amp;origin=https%3A%2F%2Fslaynews.com%2Fnews%2Fwef-speaker-we-must-form-new-world-order%2F&amp;sessionId=a5b5f56c4268b3c08e60d599abf8739346868128&amp;theme=light&amp;widgetsVersion=2b959255e8896%3A1673658205745&amp;width=500px\" width=\"450\" height=\"550\" frameborder=\"0\" scrolling=\"no\" allowfullscreen=\"allowfullscreen\" data-tweet-id=\"1616374817120485378\"><\/iframe><\/div>\n<blockquote class=\"twitter-tweet\" data-width=\"500\" data-dnt=\"true\" data-twitter-extracted-i1674381876525874376=\"true\">\n<p dir=\"ltr\" lang=\"en\"><span style=\"vertical-align: inherit;\">DAVOS WATCH: WEF izjavlja, da mora vzpostaviti NOV SVETOVNI RED<\/span><\/p>\n<p><span style=\"vertical-align: inherit;\"><span style=\"vertical-align: inherit;\">\u00a0<\/span><\/span><\/p>\n<p><span style=\"vertical-align: inherit;\"><span style=\"vertical-align: inherit;\">Prav tako odkrito priznavajo, da trenutno morda ne bodo uspe\u0161ni pri vzpostavitvi NWO, ker so \u010dasi &#8220;hiper strankarski in polarizirani&#8221;, vendar upajo, da ga bodo ustanovili v bli\u017enji prihodnosti <\/span><\/span><a href=\"https:\/\/twitter.com\/hashtag\/wef23?src%3Dhash%26ref_src%3Dtwsrc%255Etfw\"><span style=\"vertical-align: inherit;\"><span style=\"vertical-align: inherit;\">#wef23 <\/span><\/span><\/a> <a href=\"https:\/\/t.co\/H9gykczzbf\"><span style=\"vertical-align: inherit;\"><span style=\"vertical-align: inherit;\">pic.twitter.com\/H9gykczzbf<\/span><\/span><\/a><\/p>\n<p><span style=\"vertical-align: inherit;\"><span style=\"vertical-align: inherit;\">\u2014 Drew Hernandez (@DrewHLive) <\/span><\/span><a href=\"https:\/\/twitter.com\/DrewHLive\/status\/1616374817120485378?ref_src%3Dtwsrc%255Etfw\"><span style=\"vertical-align: inherit;\"><span style=\"vertical-align: inherit;\">20. januarja 2023<\/span><\/span><\/a><\/p><\/blockquote>\n<p><span style=\"vertical-align: inherit;\">Medtem se je druga govornica na vrhu WEF prito\u017eila nad dr\u017eavami, ki cenijo lastno suverenost nad interesi &#8220;svetovnega reda&#8221;.<\/span><\/p>\n<p><strong>GLEJ:<\/strong><\/p>\n<div><iframe loading=\"lazy\" id=\"twitter-widget-1\" title=\"Twitter Tweet\" src=\"https:\/\/platform.twitter.com\/embed\/Tweet.html?dnt=true&amp;embedId=twitter-widget-1&amp;features=eyJ0ZndfdGltZWxpbmVfbGlzdCI6eyJidWNrZXQiOltdLCJ2ZXJzaW9uIjpudWxsfSwidGZ3X2ZvbGxvd2VyX2NvdW50X3N1bnNldCI6eyJidWNrZXQiOnRydWUsInZlcnNpb24iOm51bGx9LCJ0ZndfaG9yaXpvbl90aW1lbGluZV8xMjAzNCI6eyJidWNrZXQiOiJ0cmVhdG1lbnQiLCJ2ZXJzaW9uIjpudWxsfSwidGZ3X3R3ZWV0X2VkaXRfYmFja2VuZCI6eyJidWNrZXQiOiJvbiIsInZlcnNpb24iOm51bGx9LCJ0ZndfcmVmc3JjX3Nlc3Npb24iOnsiYnVja2V0Ijoib24iLCJ2ZXJzaW9uIjpudWxsfSwidGZ3X3Nob3dfYnVzaW5lc3NfdmVyaWZpZWRfYmFkZ2UiOnsiYnVja2V0Ijoib24iLCJ2ZXJzaW9uIjpudWxsfSwidGZ3X2NoaW5fcGlsbHNfMTQ3NDEiOnsiYnVja2V0IjoiY29sb3JfaWNvbnMiLCJ2ZXJzaW9uIjpudWxsfSwidGZ3X3R3ZWV0X3Jlc3VsdF9taWdyYXRpb25fMTM5NzkiOnsiYnVja2V0IjoidHdlZXRfcmVzdWx0IiwidmVyc2lvbiI6bnVsbH0sInRmd19taXhlZF9tZWRpYV8xNTg5NyI6eyJidWNrZXQiOiJ0cmVhdG1lbnQiLCJ2ZXJzaW9uIjpudWxsfSwidGZ3X3NlbnNpdGl2ZV9tZWRpYV9pbnRlcnN0aXRpYWxfMTM5NjMiOnsiYnVja2V0IjoiaW50ZXJzdGl0aWFsIiwidmVyc2lvbiI6bnVsbH0sInRmd19leHBlcmltZW50c19jb29raWVfZXhwaXJhdGlvbiI6eyJidWNrZXQiOjEyMDk2MDAsInZlcnNpb24iOm51bGx9LCJ0ZndfZHVwbGljYXRlX3NjcmliZXNfdG9fc2V0dGluZ3MiOnsiYnVja2V0Ijoib24iLCJ2ZXJzaW9uIjpudWxsfSwidGZ3X3ZpZGVvX2hsc19keW5hbWljX21hbmlmZXN0c18xNTA4MiI6eyJidWNrZXQiOiJ0cnVlX2JpdHJhdGUiLCJ2ZXJzaW9uIjpudWxsfSwidGZ3X3Nob3dfYmx1ZV92ZXJpZmllZF9iYWRnZSI6eyJidWNrZXQiOiJvbiIsInZlcnNpb24iOm51bGx9LCJ0ZndfbGVnYWN5X3RpbWVsaW5lX3N1bnNldCI6eyJidWNrZXQiOnRydWUsInZlcnNpb24iOm51bGx9LCJ0Zndfc2hvd19nb3ZfdmVyaWZpZWRfYmFkZ2UiOnsiYnVja2V0Ijoib24iLCJ2ZXJzaW9uIjpudWxsfSwidGZ3X3Nob3dfYnVzaW5lc3NfYWZmaWxpYXRlX2JhZGdlIjp7ImJ1Y2tldCI6Im9uIiwidmVyc2lvbiI6bnVsbH0sInRmd190d2VldF9lZGl0X2Zyb250ZW5kIjp7ImJ1Y2tldCI6Im9uIiwidmVyc2lvbiI6bnVsbH19&amp;frame=false&amp;hideCard=false&amp;hideThread=false&amp;id=1616368062932070407&amp;lang=en&amp;origin=https%3A%2F%2Fslaynews.com%2Fnews%2Fwef-speaker-we-must-form-new-world-order%2F&amp;sessionId=a5b5f56c4268b3c08e60d599abf8739346868128&amp;theme=light&amp;widgetsVersion=2b959255e8896%3A1673658205745&amp;width=500px\" width=\"450\" height=\"550\" frameborder=\"0\" scrolling=\"no\" allowfullscreen=\"allowfullscreen\" data-tweet-id=\"1616368062932070407\"><\/iframe><\/div>\n<blockquote class=\"twitter-tweet\" data-width=\"500\" data-dnt=\"true\" data-twitter-extracted-i1674381876525874376=\"true\">\n<p dir=\"ltr\" lang=\"en\"><span style=\"vertical-align: inherit;\">DAVOS WATCH: WEF izjavlja, da morajo dr\u017eave spo\u0161tovati globalna pravila in pravi, da &#8220;<\/span><em>Imamo dr\u017eave, ki spo\u0161tujejo svoje nacionalne interese, ki presegajo ta pravila.&#8221;<\/em><\/p>\n<p dir=\"ltr\" lang=\"en\"><em>\u00a0<\/em><\/p>\n<p dir=\"ltr\" lang=\"en\"><span style=\"vertical-align: inherit;\">&#8220;<\/span><\/p>\n<p><span style=\"vertical-align: inherit;\"><span style=\"vertical-align: inherit;\">Kon\u010da z besedami: &#8220;upo\u0161tevati moramo svetovni red&#8221; <\/span><\/span><a href=\"https:\/\/twitter.com\/hashtag\/wef23?src%3Dhash%26ref_src%3Dtwsrc%255Etfw\"><span style=\"vertical-align: inherit;\"><span style=\"vertical-align: inherit;\">#wef23 <\/span><\/span><\/a> <a href=\"https:\/\/t.co\/9K9pd8naYQ\"><span style=\"vertical-align: inherit;\"><span style=\"vertical-align: inherit;\">pic.twitter.com\/9K9pd8naYQ<\/span><\/span><\/a><\/p>\n<p><span style=\"vertical-align: inherit;\"><span style=\"vertical-align: inherit;\">\u2014 Drew Hernandez (@DrewHLive) <\/span><\/span><a href=\"https:\/\/twitter.com\/DrewHLive\/status\/1616368062932070407?ref_src%3Dtwsrc%255Etfw\"><span style=\"vertical-align: inherit;\"><span style=\"vertical-align: inherit;\">20. januarja 2023<\/span><\/span><\/a><\/p><\/blockquote>\n<p><span style=\"vertical-align: inherit;\">Korporacijski mediji so hitro prihiteli in branili Zardarijeve komentarje.<\/span><\/p>\n<p><span style=\"vertical-align: inherit;\">Propagandni \u010dasopis Newsweek <\/span><a href=\"https:\/\/www.newsweek.com\/new-world-order-davos-conspiracy-theories-1775383\"><span style=\"vertical-align: inherit;\">je trdil<\/span><\/a><span style=\"vertical-align: inherit;\">, da so Zardarijeve pripombe \u00bbo &#8216;novem svetovnem redu&#8217; spro\u017eile poplavo teorij zarote na spletu.<\/span><\/p>\n<p><span style=\"vertical-align: inherit;\">Ta teden je WEF svetu dal vpogled v svojo vizijo <\/span><em>na\u0161e<\/em><span style=\"vertical-align: inherit;\"> prihodnosti.<\/span><\/p>\n<p><span style=\"vertical-align: inherit;\">Elite WEF so udele\u017eencem Davosa razlo\u017eile svoje na\u010drte za tako imenovana \u00bb5-minutna mesta\u00ab.<\/span><\/p>\n<p><span style=\"vertical-align: inherit;\">Mesta spominjajo na zapore in WEF pravi, da jih bodo do leta 2045 zasedli milijoni.<\/span><\/p>\n<p><strong>GLEJ:<\/strong><\/p>\n<div><iframe loading=\"lazy\" id=\"twitter-widget-2\" title=\"Twitter Tweet\" src=\"https:\/\/platform.twitter.com\/embed\/Tweet.html?dnt=true&amp;embedId=twitter-widget-2&amp;features=eyJ0ZndfdGltZWxpbmVfbGlzdCI6eyJidWNrZXQiOltdLCJ2ZXJzaW9uIjpudWxsfSwidGZ3X2ZvbGxvd2VyX2NvdW50X3N1bnNldCI6eyJidWNrZXQiOnRydWUsInZlcnNpb24iOm51bGx9LCJ0ZndfaG9yaXpvbl90aW1lbGluZV8xMjAzNCI6eyJidWNrZXQiOiJ0cmVhdG1lbnQiLCJ2ZXJzaW9uIjpudWxsfSwidGZ3X3R3ZWV0X2VkaXRfYmFja2VuZCI6eyJidWNrZXQiOiJvbiIsInZlcnNpb24iOm51bGx9LCJ0ZndfcmVmc3JjX3Nlc3Npb24iOnsiYnVja2V0Ijoib24iLCJ2ZXJzaW9uIjpudWxsfSwidGZ3X3Nob3dfYnVzaW5lc3NfdmVyaWZpZWRfYmFkZ2UiOnsiYnVja2V0Ijoib24iLCJ2ZXJzaW9uIjpudWxsfSwidGZ3X2NoaW5fcGlsbHNfMTQ3NDEiOnsiYnVja2V0IjoiY29sb3JfaWNvbnMiLCJ2ZXJzaW9uIjpudWxsfSwidGZ3X3R3ZWV0X3Jlc3VsdF9taWdyYXRpb25fMTM5NzkiOnsiYnVja2V0IjoidHdlZXRfcmVzdWx0IiwidmVyc2lvbiI6bnVsbH0sInRmd19taXhlZF9tZWRpYV8xNTg5NyI6eyJidWNrZXQiOiJ0cmVhdG1lbnQiLCJ2ZXJzaW9uIjpudWxsfSwidGZ3X3NlbnNpdGl2ZV9tZWRpYV9pbnRlcnN0aXRpYWxfMTM5NjMiOnsiYnVja2V0IjoiaW50ZXJzdGl0aWFsIiwidmVyc2lvbiI6bnVsbH0sInRmd19leHBlcmltZW50c19jb29raWVfZXhwaXJhdGlvbiI6eyJidWNrZXQiOjEyMDk2MDAsInZlcnNpb24iOm51bGx9LCJ0ZndfZHVwbGljYXRlX3NjcmliZXNfdG9fc2V0dGluZ3MiOnsiYnVja2V0Ijoib24iLCJ2ZXJzaW9uIjpudWxsfSwidGZ3X3ZpZGVvX2hsc19keW5hbWljX21hbmlmZXN0c18xNTA4MiI6eyJidWNrZXQiOiJ0cnVlX2JpdHJhdGUiLCJ2ZXJzaW9uIjpudWxsfSwidGZ3X3Nob3dfYmx1ZV92ZXJpZmllZF9iYWRnZSI6eyJidWNrZXQiOiJvbiIsInZlcnNpb24iOm51bGx9LCJ0ZndfbGVnYWN5X3RpbWVsaW5lX3N1bnNldCI6eyJidWNrZXQiOnRydWUsInZlcnNpb24iOm51bGx9LCJ0Zndfc2hvd19nb3ZfdmVyaWZpZWRfYmFkZ2UiOnsiYnVja2V0Ijoib24iLCJ2ZXJzaW9uIjpudWxsfSwidGZ3X3Nob3dfYnVzaW5lc3NfYWZmaWxpYXRlX2JhZGdlIjp7ImJ1Y2tldCI6Im9uIiwidmVyc2lvbiI6bnVsbH0sInRmd190d2VldF9lZGl0X2Zyb250ZW5kIjp7ImJ1Y2tldCI6Im9uIiwidmVyc2lvbiI6bnVsbH19&amp;frame=false&amp;hideCard=false&amp;hideThread=false&amp;id=1616116247518908417&amp;lang=en&amp;origin=https%3A%2F%2Fslaynews.com%2Fnews%2Fwef-speaker-we-must-form-new-world-order%2F&amp;sessionId=a5b5f56c4268b3c08e60d599abf8739346868128&amp;theme=light&amp;widgetsVersion=2b959255e8896%3A1673658205745&amp;width=500px\" width=\"450\" height=\"550\" frameborder=\"0\" scrolling=\"no\" allowfullscreen=\"allowfullscreen\" data-tweet-id=\"1616116247518908417\"><\/iframe><\/div>\n<blockquote class=\"twitter-tweet\" data-width=\"500\" data-dnt=\"true\" data-twitter-extracted-i1674381876525874376=\"true\">\n<p dir=\"ltr\" lang=\"en\"><span style=\"vertical-align: inherit;\">DAVOS WATCH: WEF razkriva 5-minutno mestno utopijo, za katero trdijo, da bo 100-odstotno poganjana s son\u010dno energijo in vetrom, v njej pa bodo \u017eiveli milijoni<\/span><\/p>\n<p><span style=\"vertical-align: inherit;\"><span style=\"vertical-align: inherit;\">5-minutno mesto naj bi bilo dokon\u010dano do leta 2045 <\/span><\/span><a href=\"https:\/\/twitter.com\/hashtag\/wef23?src%3Dhash%26ref_src%3Dtwsrc%255Etfw\"><span style=\"vertical-align: inherit;\"><span style=\"vertical-align: inherit;\">#wef23 <\/span><\/span><\/a> <a href=\"https:\/\/t.co\/mnuqyMWZES\"><span style=\"vertical-align: inherit;\"><span style=\"vertical-align: inherit;\">pic.twitter.com\/mnuqyMWZES<\/span><\/span><\/a><\/p>\n<p><span style=\"vertical-align: inherit;\"><span style=\"vertical-align: inherit;\">\u2014 Drew Hernandez (@DrewHLive) <\/span><\/span><a href=\"https:\/\/twitter.com\/DrewHLive\/status\/1616116247518908417?ref_src%3Dtwsrc%255Etfw\"><span style=\"vertical-align: inherit;\"><span style=\"vertical-align: inherit;\">19. januar 2023<\/span><\/span><\/a><\/p><\/blockquote>\n<p><span style=\"vertical-align: inherit;\">Pozvali so tudi h koncu vseh potovanj z avtomobili, vsaj za javnost.<\/span><\/p>\n<p><strong>GLEJ:<\/strong><\/p>\n<div><iframe loading=\"lazy\" id=\"twitter-widget-3\" title=\"Twitter Tweet\" src=\"https:\/\/platform.twitter.com\/embed\/Tweet.html?dnt=true&amp;embedId=twitter-widget-3&amp;features=eyJ0ZndfdGltZWxpbmVfbGlzdCI6eyJidWNrZXQiOltdLCJ2ZXJzaW9uIjpudWxsfSwidGZ3X2ZvbGxvd2VyX2NvdW50X3N1bnNldCI6eyJidWNrZXQiOnRydWUsInZlcnNpb24iOm51bGx9LCJ0ZndfaG9yaXpvbl90aW1lbGluZV8xMjAzNCI6eyJidWNrZXQiOiJ0cmVhdG1lbnQiLCJ2ZXJzaW9uIjpudWxsfSwidGZ3X3R3ZWV0X2VkaXRfYmFja2VuZCI6eyJidWNrZXQiOiJvbiIsInZlcnNpb24iOm51bGx9LCJ0ZndfcmVmc3JjX3Nlc3Npb24iOnsiYnVja2V0Ijoib24iLCJ2ZXJzaW9uIjpudWxsfSwidGZ3X3Nob3dfYnVzaW5lc3NfdmVyaWZpZWRfYmFkZ2UiOnsiYnVja2V0Ijoib24iLCJ2ZXJzaW9uIjpudWxsfSwidGZ3X2NoaW5fcGlsbHNfMTQ3NDEiOnsiYnVja2V0IjoiY29sb3JfaWNvbnMiLCJ2ZXJzaW9uIjpudWxsfSwidGZ3X3R3ZWV0X3Jlc3VsdF9taWdyYXRpb25fMTM5NzkiOnsiYnVja2V0IjoidHdlZXRfcmVzdWx0IiwidmVyc2lvbiI6bnVsbH0sInRmd19taXhlZF9tZWRpYV8xNTg5NyI6eyJidWNrZXQiOiJ0cmVhdG1lbnQiLCJ2ZXJzaW9uIjpudWxsfSwidGZ3X3NlbnNpdGl2ZV9tZWRpYV9pbnRlcnN0aXRpYWxfMTM5NjMiOnsiYnVja2V0IjoiaW50ZXJzdGl0aWFsIiwidmVyc2lvbiI6bnVsbH0sInRmd19leHBlcmltZW50c19jb29raWVfZXhwaXJhdGlvbiI6eyJidWNrZXQiOjEyMDk2MDAsInZlcnNpb24iOm51bGx9LCJ0ZndfZHVwbGljYXRlX3NjcmliZXNfdG9fc2V0dGluZ3MiOnsiYnVja2V0Ijoib24iLCJ2ZXJzaW9uIjpudWxsfSwidGZ3X3ZpZGVvX2hsc19keW5hbWljX21hbmlmZXN0c18xNTA4MiI6eyJidWNrZXQiOiJ0cnVlX2JpdHJhdGUiLCJ2ZXJzaW9uIjpudWxsfSwidGZ3X3Nob3dfYmx1ZV92ZXJpZmllZF9iYWRnZSI6eyJidWNrZXQiOiJvbiIsInZlcnNpb24iOm51bGx9LCJ0ZndfbGVnYWN5X3RpbWVsaW5lX3N1bnNldCI6eyJidWNrZXQiOnRydWUsInZlcnNpb24iOm51bGx9LCJ0Zndfc2hvd19nb3ZfdmVyaWZpZWRfYmFkZ2UiOnsiYnVja2V0Ijoib24iLCJ2ZXJzaW9uIjpudWxsfSwidGZ3X3Nob3dfYnVzaW5lc3NfYWZmaWxpYXRlX2JhZGdlIjp7ImJ1Y2tldCI6Im9uIiwidmVyc2lvbiI6bnVsbH0sInRmd190d2VldF9lZGl0X2Zyb250ZW5kIjp7ImJ1Y2tldCI6Im9uIiwidmVyc2lvbiI6bnVsbH19&amp;frame=false&amp;hideCard=false&amp;hideThread=false&amp;id=1616110461199564807&amp;lang=en&amp;origin=https%3A%2F%2Fslaynews.com%2Fnews%2Fwef-speaker-we-must-form-new-world-order%2F&amp;sessionId=a5b5f56c4268b3c08e60d599abf8739346868128&amp;theme=light&amp;widgetsVersion=2b959255e8896%3A1673658205745&amp;width=500px\" width=\"450\" height=\"550\" frameborder=\"0\" scrolling=\"no\" allowfullscreen=\"allowfullscreen\" data-tweet-id=\"1616110461199564807\"><\/iframe><\/div>\n<blockquote class=\"twitter-tweet\" data-width=\"500\" data-dnt=\"true\" data-twitter-extracted-i1674381876525874376=\"true\">\n<p dir=\"ltr\" lang=\"en\"><span style=\"vertical-align: inherit;\"><span style=\"vertical-align: inherit;\">Savdski diplomat Ahmed Al Jubeir govori o svoji viziji prihodnosti: &#8220;Avtomobilov ne bo&#8221; <\/span><\/span><a href=\"https:\/\/t.co\/u2RKYLAZWw\"><span style=\"vertical-align: inherit;\"><span style=\"vertical-align: inherit;\">pic.twitter.com\/u2RKYLAZWw<\/span><\/span><\/a><\/p>\n<p><span style=\"vertical-align: inherit;\"><span style=\"vertical-align: inherit;\">\u2014 Luke Rudkowski (@Lukewearechange) <\/span><\/span><a href=\"https:\/\/twitter.com\/Lukewearechange\/status\/1616110461199564807?ref_src%3Dtwsrc%255Etfw\"><span style=\"vertical-align: inherit;\"><span style=\"vertical-align: inherit;\">19. januar 2023<\/span><\/span><\/a><\/p><\/blockquote>\n<p><span style=\"vertical-align: inherit;\">WEF tudi napoveduje, da bodo ljudje sprejeli vsajene mo\u017eganske \u010dipe.<\/span><\/p>\n<p><strong>GLEJ:<\/strong><\/p>\n<div><iframe loading=\"lazy\" id=\"twitter-widget-4\" title=\"Twitter Tweet\" src=\"https:\/\/platform.twitter.com\/embed\/Tweet.html?dnt=true&amp;embedId=twitter-widget-4&amp;features=eyJ0ZndfdGltZWxpbmVfbGlzdCI6eyJidWNrZXQiOltdLCJ2ZXJzaW9uIjpudWxsfSwidGZ3X2ZvbGxvd2VyX2NvdW50X3N1bnNldCI6eyJidWNrZXQiOnRydWUsInZlcnNpb24iOm51bGx9LCJ0ZndfaG9yaXpvbl90aW1lbGluZV8xMjAzNCI6eyJidWNrZXQiOiJ0cmVhdG1lbnQiLCJ2ZXJzaW9uIjpudWxsfSwidGZ3X3R3ZWV0X2VkaXRfYmFja2VuZCI6eyJidWNrZXQiOiJvbiIsInZlcnNpb24iOm51bGx9LCJ0ZndfcmVmc3JjX3Nlc3Npb24iOnsiYnVja2V0Ijoib24iLCJ2ZXJzaW9uIjpudWxsfSwidGZ3X3Nob3dfYnVzaW5lc3NfdmVyaWZpZWRfYmFkZ2UiOnsiYnVja2V0Ijoib24iLCJ2ZXJzaW9uIjpudWxsfSwidGZ3X2NoaW5fcGlsbHNfMTQ3NDEiOnsiYnVja2V0IjoiY29sb3JfaWNvbnMiLCJ2ZXJzaW9uIjpudWxsfSwidGZ3X3R3ZWV0X3Jlc3VsdF9taWdyYXRpb25fMTM5NzkiOnsiYnVja2V0IjoidHdlZXRfcmVzdWx0IiwidmVyc2lvbiI6bnVsbH0sInRmd19taXhlZF9tZWRpYV8xNTg5NyI6eyJidWNrZXQiOiJ0cmVhdG1lbnQiLCJ2ZXJzaW9uIjpudWxsfSwidGZ3X3NlbnNpdGl2ZV9tZWRpYV9pbnRlcnN0aXRpYWxfMTM5NjMiOnsiYnVja2V0IjoiaW50ZXJzdGl0aWFsIiwidmVyc2lvbiI6bnVsbH0sInRmd19leHBlcmltZW50c19jb29raWVfZXhwaXJhdGlvbiI6eyJidWNrZXQiOjEyMDk2MDAsInZlcnNpb24iOm51bGx9LCJ0ZndfZHVwbGljYXRlX3NjcmliZXNfdG9fc2V0dGluZ3MiOnsiYnVja2V0Ijoib24iLCJ2ZXJzaW9uIjpudWxsfSwidGZ3X3ZpZGVvX2hsc19keW5hbWljX21hbmlmZXN0c18xNTA4MiI6eyJidWNrZXQiOiJ0cnVlX2JpdHJhdGUiLCJ2ZXJzaW9uIjpudWxsfSwidGZ3X3Nob3dfYmx1ZV92ZXJpZmllZF9iYWRnZSI6eyJidWNrZXQiOiJvbiIsInZlcnNpb24iOm51bGx9LCJ0ZndfbGVnYWN5X3RpbWVsaW5lX3N1bnNldCI6eyJidWNrZXQiOnRydWUsInZlcnNpb24iOm51bGx9LCJ0Zndfc2hvd19nb3ZfdmVyaWZpZWRfYmFkZ2UiOnsiYnVja2V0Ijoib24iLCJ2ZXJzaW9uIjpudWxsfSwidGZ3X3Nob3dfYnVzaW5lc3NfYWZmaWxpYXRlX2JhZGdlIjp7ImJ1Y2tldCI6Im9uIiwidmVyc2lvbiI6bnVsbH0sInRmd190d2VldF9lZGl0X2Zyb250ZW5kIjp7ImJ1Y2tldCI6Im9uIiwidmVyc2lvbiI6bnVsbH19&amp;frame=false&amp;hideCard=false&amp;hideThread=false&amp;id=1616103704167604225&amp;lang=en&amp;origin=https%3A%2F%2Fslaynews.com%2Fnews%2Fwef-speaker-we-must-form-new-world-order%2F&amp;sessionId=a5b5f56c4268b3c08e60d599abf8739346868128&amp;theme=light&amp;widgetsVersion=2b959255e8896%3A1673658205745&amp;width=500px\" width=\"450\" height=\"550\" frameborder=\"0\" scrolling=\"no\" allowfullscreen=\"allowfullscreen\" data-tweet-id=\"1616103704167604225\"><\/iframe><\/div>\n<blockquote class=\"twitter-tweet\" data-width=\"500\" data-dnt=\"true\" data-twitter-extracted-i1674381876525874376=\"true\">\n<p dir=\"ltr\" lang=\"en\"><span style=\"vertical-align: inherit;\">DAVOS WATCH: WEF napoveduje, da bodo ljudje kmalu sprejeli implantirano mo\u017egansko tehnologijo, da bodo &#8220;lahko dekodirali zapletene misli&#8221;<\/span><\/p>\n<p><span style=\"vertical-align: inherit;\">Pravijo tudi, da bolj ko zdravi ljudje sprejmejo nevrotehnologijo, ve\u010d podatkov lahko zberejo o vas<\/span><\/p>\n<p><span style=\"vertical-align: inherit;\"><span style=\"vertical-align: inherit;\">Pravijo, da se nuerosignali lahko uporabljajo za biometrijo <\/span><\/span><a href=\"https:\/\/twitter.com\/hashtag\/wef23?src%3Dhash%26ref_src%3Dtwsrc%255Etfw\"><span style=\"vertical-align: inherit;\"><span style=\"vertical-align: inherit;\">#wef23 <\/span><\/span><\/a> <a href=\"https:\/\/t.co\/VvUw6OaQg7\"><span style=\"vertical-align: inherit;\"><span style=\"vertical-align: inherit;\">pic.twitter.com\/VvUw6OaQg7<\/span><\/span><\/a><\/p>\n<p><span style=\"vertical-align: inherit;\"><span style=\"vertical-align: inherit;\">\u2014 Drew Hernandez (@DrewHLive) <\/span><\/span><a href=\"https:\/\/twitter.com\/DrewHLive\/status\/1616103704167604225?ref_src%3Dtwsrc%255Etfw\"><span style=\"vertical-align: inherit;\"><span style=\"vertical-align: inherit;\">19. januar 2023<\/span><\/span><\/a><\/p><\/blockquote>\n<p><span style=\"vertical-align: inherit;\">Nekdanji britanski premier Tony Blair si \u017eeli digitalno podatkovno bazo za spremljanje, kdo je bil cepljen in kdo ne.<\/span><\/p>\n<p><strong>GLEJ:<\/strong><\/p>\n<div><iframe loading=\"lazy\" id=\"twitter-widget-5\" title=\"Twitter Tweet\" src=\"https:\/\/platform.twitter.com\/embed\/Tweet.html?dnt=true&amp;embedId=twitter-widget-5&amp;features=eyJ0ZndfdGltZWxpbmVfbGlzdCI6eyJidWNrZXQiOltdLCJ2ZXJzaW9uIjpudWxsfSwidGZ3X2ZvbGxvd2VyX2NvdW50X3N1bnNldCI6eyJidWNrZXQiOnRydWUsInZlcnNpb24iOm51bGx9LCJ0ZndfaG9yaXpvbl90aW1lbGluZV8xMjAzNCI6eyJidWNrZXQiOiJ0cmVhdG1lbnQiLCJ2ZXJzaW9uIjpudWxsfSwidGZ3X3R3ZWV0X2VkaXRfYmFja2VuZCI6eyJidWNrZXQiOiJvbiIsInZlcnNpb24iOm51bGx9LCJ0ZndfcmVmc3JjX3Nlc3Npb24iOnsiYnVja2V0Ijoib24iLCJ2ZXJzaW9uIjpudWxsfSwidGZ3X3Nob3dfYnVzaW5lc3NfdmVyaWZpZWRfYmFkZ2UiOnsiYnVja2V0Ijoib24iLCJ2ZXJzaW9uIjpudWxsfSwidGZ3X2NoaW5fcGlsbHNfMTQ3NDEiOnsiYnVja2V0IjoiY29sb3JfaWNvbnMiLCJ2ZXJzaW9uIjpudWxsfSwidGZ3X3R3ZWV0X3Jlc3VsdF9taWdyYXRpb25fMTM5NzkiOnsiYnVja2V0IjoidHdlZXRfcmVzdWx0IiwidmVyc2lvbiI6bnVsbH0sInRmd19taXhlZF9tZWRpYV8xNTg5NyI6eyJidWNrZXQiOiJ0cmVhdG1lbnQiLCJ2ZXJzaW9uIjpudWxsfSwidGZ3X3NlbnNpdGl2ZV9tZWRpYV9pbnRlcnN0aXRpYWxfMTM5NjMiOnsiYnVja2V0IjoiaW50ZXJzdGl0aWFsIiwidmVyc2lvbiI6bnVsbH0sInRmd19leHBlcmltZW50c19jb29raWVfZXhwaXJhdGlvbiI6eyJidWNrZXQiOjEyMDk2MDAsInZlcnNpb24iOm51bGx9LCJ0ZndfZHVwbGljYXRlX3NjcmliZXNfdG9fc2V0dGluZ3MiOnsiYnVja2V0Ijoib24iLCJ2ZXJzaW9uIjpudWxsfSwidGZ3X3ZpZGVvX2hsc19keW5hbWljX21hbmlmZXN0c18xNTA4MiI6eyJidWNrZXQiOiJ0cnVlX2JpdHJhdGUiLCJ2ZXJzaW9uIjpudWxsfSwidGZ3X3Nob3dfYmx1ZV92ZXJpZmllZF9iYWRnZSI6eyJidWNrZXQiOiJvbiIsInZlcnNpb24iOm51bGx9LCJ0ZndfbGVnYWN5X3RpbWVsaW5lX3N1bnNldCI6eyJidWNrZXQiOnRydWUsInZlcnNpb24iOm51bGx9LCJ0Zndfc2hvd19nb3ZfdmVyaWZpZWRfYmFkZ2UiOnsiYnVja2V0Ijoib24iLCJ2ZXJzaW9uIjpudWxsfSwidGZ3X3Nob3dfYnVzaW5lc3NfYWZmaWxpYXRlX2JhZGdlIjp7ImJ1Y2tldCI6Im9uIiwidmVyc2lvbiI6bnVsbH0sInRmd190d2VldF9lZGl0X2Zyb250ZW5kIjp7ImJ1Y2tldCI6Im9uIiwidmVyc2lvbiI6bnVsbH19&amp;frame=false&amp;hideCard=false&amp;hideThread=false&amp;id=1616109951264653312&amp;lang=en&amp;origin=https%3A%2F%2Fslaynews.com%2Fnews%2Fwef-speaker-we-must-form-new-world-order%2F&amp;sessionId=a5b5f56c4268b3c08e60d599abf8739346868128&amp;theme=light&amp;widgetsVersion=2b959255e8896%3A1673658205745&amp;width=500px\" width=\"450\" height=\"550\" frameborder=\"0\" scrolling=\"no\" allowfullscreen=\"allowfullscreen\" data-tweet-id=\"1616109951264653312\"><\/iframe><\/div>\n<blockquote class=\"twitter-tweet\" data-width=\"500\" data-dnt=\"true\" data-twitter-extracted-i1674381876525874376=\"true\">\n<p dir=\"ltr\" lang=\"en\"><span style=\"vertical-align: inherit;\"><span style=\"vertical-align: inherit;\">DAVOS WATCH: Nekdanji britanski premier Tony Blair poziva k digitalni bazi podatkov za spremljanje, kdo je cepljen in kdo ne za prihodnjo &#8220;pandemijo&#8221; <\/span><\/span><a href=\"https:\/\/twitter.com\/hashtag\/wef23?src%3Dhash%26ref_src%3Dtwsrc%255Etfw\"><span style=\"vertical-align: inherit;\"><span style=\"vertical-align: inherit;\">#wef23 <\/span><\/span><\/a> <a href=\"https:\/\/t.co\/nDYmI5cPLA\"><span style=\"vertical-align: inherit;\"><span style=\"vertical-align: inherit;\">pic.twitter.com\/nDYmI5cPLA<\/span><\/span><\/a><\/p>\n<p><span style=\"vertical-align: inherit;\"><span style=\"vertical-align: inherit;\">\u2014 Drew Hernandez (@DrewHLive) <\/span><\/span><a href=\"https:\/\/twitter.com\/DrewHLive\/status\/1616109951264653312?ref_src%3Dtwsrc%255Etfw\"><span style=\"vertical-align: inherit;\"><span style=\"vertical-align: inherit;\">19. januar 2023<\/span><\/span><\/a><\/p><\/blockquote>\n<p><span style=\"vertical-align: inherit;\">Nekdanji uradnik Obamove administracije Larry Summer je prav tako posvaril pred novo pandemijo \u00bbCOVID-obsega\u00ab.<\/span><\/p>\n<p><strong>GLEJ:<\/strong><\/p>\n<div><iframe loading=\"lazy\" id=\"twitter-widget-6\" title=\"Twitter Tweet\" src=\"https:\/\/platform.twitter.com\/embed\/Tweet.html?dnt=true&amp;embedId=twitter-widget-6&amp;features=eyJ0ZndfdGltZWxpbmVfbGlzdCI6eyJidWNrZXQiOltdLCJ2ZXJzaW9uIjpudWxsfSwidGZ3X2ZvbGxvd2VyX2NvdW50X3N1bnNldCI6eyJidWNrZXQiOnRydWUsInZlcnNpb24iOm51bGx9LCJ0ZndfaG9yaXpvbl90aW1lbGluZV8xMjAzNCI6eyJidWNrZXQiOiJ0cmVhdG1lbnQiLCJ2ZXJzaW9uIjpudWxsfSwidGZ3X3R3ZWV0X2VkaXRfYmFja2VuZCI6eyJidWNrZXQiOiJvbiIsInZlcnNpb24iOm51bGx9LCJ0ZndfcmVmc3JjX3Nlc3Npb24iOnsiYnVja2V0Ijoib24iLCJ2ZXJzaW9uIjpudWxsfSwidGZ3X3Nob3dfYnVzaW5lc3NfdmVyaWZpZWRfYmFkZ2UiOnsiYnVja2V0Ijoib24iLCJ2ZXJzaW9uIjpudWxsfSwidGZ3X2NoaW5fcGlsbHNfMTQ3NDEiOnsiYnVja2V0IjoiY29sb3JfaWNvbnMiLCJ2ZXJzaW9uIjpudWxsfSwidGZ3X3R3ZWV0X3Jlc3VsdF9taWdyYXRpb25fMTM5NzkiOnsiYnVja2V0IjoidHdlZXRfcmVzdWx0IiwidmVyc2lvbiI6bnVsbH0sInRmd19taXhlZF9tZWRpYV8xNTg5NyI6eyJidWNrZXQiOiJ0cmVhdG1lbnQiLCJ2ZXJzaW9uIjpudWxsfSwidGZ3X3NlbnNpdGl2ZV9tZWRpYV9pbnRlcnN0aXRpYWxfMTM5NjMiOnsiYnVja2V0IjoiaW50ZXJzdGl0aWFsIiwidmVyc2lvbiI6bnVsbH0sInRmd19leHBlcmltZW50c19jb29raWVfZXhwaXJhdGlvbiI6eyJidWNrZXQiOjEyMDk2MDAsInZlcnNpb24iOm51bGx9LCJ0ZndfZHVwbGljYXRlX3NjcmliZXNfdG9fc2V0dGluZ3MiOnsiYnVja2V0Ijoib24iLCJ2ZXJzaW9uIjpudWxsfSwidGZ3X3ZpZGVvX2hsc19keW5hbWljX21hbmlmZXN0c18xNTA4MiI6eyJidWNrZXQiOiJ0cnVlX2JpdHJhdGUiLCJ2ZXJzaW9uIjpudWxsfSwidGZ3X3Nob3dfYmx1ZV92ZXJpZmllZF9iYWRnZSI6eyJidWNrZXQiOiJvbiIsInZlcnNpb24iOm51bGx9LCJ0ZndfbGVnYWN5X3RpbWVsaW5lX3N1bnNldCI6eyJidWNrZXQiOnRydWUsInZlcnNpb24iOm51bGx9LCJ0Zndfc2hvd19nb3ZfdmVyaWZpZWRfYmFkZ2UiOnsiYnVja2V0Ijoib24iLCJ2ZXJzaW9uIjpudWxsfSwidGZ3X3Nob3dfYnVzaW5lc3NfYWZmaWxpYXRlX2JhZGdlIjp7ImJ1Y2tldCI6Im9uIiwidmVyc2lvbiI6bnVsbH0sInRmd190d2VldF9lZGl0X2Zyb250ZW5kIjp7ImJ1Y2tldCI6Im9uIiwidmVyc2lvbiI6bnVsbH19&amp;frame=false&amp;hideCard=false&amp;hideThread=false&amp;id=1616390530598080512&amp;lang=en&amp;origin=https%3A%2F%2Fslaynews.com%2Fnews%2Fwef-speaker-we-must-form-new-world-order%2F&amp;sessionId=a5b5f56c4268b3c08e60d599abf8739346868128&amp;theme=light&amp;widgetsVersion=2b959255e8896%3A1673658205745&amp;width=500px\" width=\"450\" height=\"550\" frameborder=\"0\" scrolling=\"no\" allowfullscreen=\"allowfullscreen\" data-tweet-id=\"1616390530598080512\"><\/iframe><\/div>\n<blockquote class=\"twitter-tweet\" data-width=\"500\" data-dnt=\"true\" data-twitter-extracted-i1674381876525874376=\"true\">\n<p dir=\"ltr\" lang=\"en\"><span style=\"vertical-align: inherit;\"><span style=\"vertical-align: inherit;\">DAVOS WATCH: WEF napoveduje, da &#8220;bo v naslednjih 15 letih problem Covid obsega.&#8221; <\/span><\/span><a href=\"https:\/\/twitter.com\/hashtag\/WEF23?src%3Dhash%26ref_src%3Dtwsrc%255Etfw\"><span style=\"vertical-align: inherit;\"><span style=\"vertical-align: inherit;\">#WEF23 <\/span><\/span><\/a> <a href=\"https:\/\/t.co\/ku1HL0PvhB\"><span style=\"vertical-align: inherit;\"><span style=\"vertical-align: inherit;\">pic.twitter.com\/ku1HL0PvhB<\/span><\/span><\/a><\/p>\n<p><span style=\"vertical-align: inherit;\"><span style=\"vertical-align: inherit;\">\u2014 Drew Hernandez (@DrewHLive) <\/span><\/span><a href=\"https:\/\/twitter.com\/DrewHLive\/status\/1616390530598080512?ref_src%3Dtwsrc%255Etfw\"><span style=\"vertical-align: inherit;\"><span style=\"vertical-align: inherit;\">20. januarja 2023<\/span><\/span><\/a><\/p><\/blockquote>\n<p><span style=\"vertical-align: inherit;\">Osramo\u010deni nekdanji CNN-ov voditelj Brian Stelter je odkrito pozval k zatiranju tako imenovanih &#8220;dezinformacij&#8221;.<\/span><\/p>\n<p><span style=\"vertical-align: inherit;\">Stelter trdi, da so &#8220;dezinformacije&#8221; &#8220;nevarnost&#8221;, ker ljudem prepre\u010dujejo jemanje cepiv.<\/span><\/p>\n<p><strong>GLEJ:<\/strong><\/p>\n<div><iframe loading=\"lazy\" id=\"twitter-widget-7\" title=\"Twitter Tweet\" src=\"https:\/\/platform.twitter.com\/embed\/Tweet.html?dnt=true&amp;embedId=twitter-widget-7&amp;features=eyJ0ZndfdGltZWxpbmVfbGlzdCI6eyJidWNrZXQiOltdLCJ2ZXJzaW9uIjpudWxsfSwidGZ3X2ZvbGxvd2VyX2NvdW50X3N1bnNldCI6eyJidWNrZXQiOnRydWUsInZlcnNpb24iOm51bGx9LCJ0ZndfaG9yaXpvbl90aW1lbGluZV8xMjAzNCI6eyJidWNrZXQiOiJ0cmVhdG1lbnQiLCJ2ZXJzaW9uIjpudWxsfSwidGZ3X3R3ZWV0X2VkaXRfYmFja2VuZCI6eyJidWNrZXQiOiJvbiIsInZlcnNpb24iOm51bGx9LCJ0ZndfcmVmc3JjX3Nlc3Npb24iOnsiYnVja2V0Ijoib24iLCJ2ZXJzaW9uIjpudWxsfSwidGZ3X3Nob3dfYnVzaW5lc3NfdmVyaWZpZWRfYmFkZ2UiOnsiYnVja2V0Ijoib24iLCJ2ZXJzaW9uIjpudWxsfSwidGZ3X2NoaW5fcGlsbHNfMTQ3NDEiOnsiYnVja2V0IjoiY29sb3JfaWNvbnMiLCJ2ZXJzaW9uIjpudWxsfSwidGZ3X3R3ZWV0X3Jlc3VsdF9taWdyYXRpb25fMTM5NzkiOnsiYnVja2V0IjoidHdlZXRfcmVzdWx0IiwidmVyc2lvbiI6bnVsbH0sInRmd19taXhlZF9tZWRpYV8xNTg5NyI6eyJidWNrZXQiOiJ0cmVhdG1lbnQiLCJ2ZXJzaW9uIjpudWxsfSwidGZ3X3NlbnNpdGl2ZV9tZWRpYV9pbnRlcnN0aXRpYWxfMTM5NjMiOnsiYnVja2V0IjoiaW50ZXJzdGl0aWFsIiwidmVyc2lvbiI6bnVsbH0sInRmd19leHBlcmltZW50c19jb29raWVfZXhwaXJhdGlvbiI6eyJidWNrZXQiOjEyMDk2MDAsInZlcnNpb24iOm51bGx9LCJ0ZndfZHVwbGljYXRlX3NjcmliZXNfdG9fc2V0dGluZ3MiOnsiYnVja2V0Ijoib24iLCJ2ZXJzaW9uIjpudWxsfSwidGZ3X3ZpZGVvX2hsc19keW5hbWljX21hbmlmZXN0c18xNTA4MiI6eyJidWNrZXQiOiJ0cnVlX2JpdHJhdGUiLCJ2ZXJzaW9uIjpudWxsfSwidGZ3X3Nob3dfYmx1ZV92ZXJpZmllZF9iYWRnZSI6eyJidWNrZXQiOiJvbiIsInZlcnNpb24iOm51bGx9LCJ0ZndfbGVnYWN5X3RpbWVsaW5lX3N1bnNldCI6eyJidWNrZXQiOnRydWUsInZlcnNpb24iOm51bGx9LCJ0Zndfc2hvd19nb3ZfdmVyaWZpZWRfYmFkZ2UiOnsiYnVja2V0Ijoib24iLCJ2ZXJzaW9uIjpudWxsfSwidGZ3X3Nob3dfYnVzaW5lc3NfYWZmaWxpYXRlX2JhZGdlIjp7ImJ1Y2tldCI6Im9uIiwidmVyc2lvbiI6bnVsbH0sInRmd190d2VldF9lZGl0X2Zyb250ZW5kIjp7ImJ1Y2tldCI6Im9uIiwidmVyc2lvbiI6bnVsbH19&amp;frame=false&amp;hideCard=false&amp;hideThread=false&amp;id=1615392003411554304&amp;lang=en&amp;origin=https%3A%2F%2Fslaynews.com%2Fnews%2Fwef-speaker-we-must-form-new-world-order%2F&amp;sessionId=a5b5f56c4268b3c08e60d599abf8739346868128&amp;theme=light&amp;widgetsVersion=2b959255e8896%3A1673658205745&amp;width=500px\" width=\"450\" height=\"550\" frameborder=\"0\" scrolling=\"no\" allowfullscreen=\"allowfullscreen\" data-tweet-id=\"1615392003411554304\"><\/iframe><\/div>\n<blockquote class=\"twitter-tweet\" data-width=\"500\" data-dnt=\"true\" data-twitter-extracted-i1674381876525874376=\"true\">\n<p dir=\"ltr\" lang=\"en\"><span style=\"vertical-align: inherit;\">DAVOS WATCH: Brian Stelter vodi &#8220;The Clear and Present Danger of Disinformation Panel&#8221;, to je grozljivo in ne more se vzdr\u017eati napadov na Trumpa<\/span><\/p>\n<p><span style=\"vertical-align: inherit;\"><span style=\"vertical-align: inherit;\">Dem Rep Seth Moulton krivi napa\u010dne informacije, da ne morejo &#8220;pripraviti ljudi, da vzamejo cepivo proti covidu&#8221; <\/span><\/span><a href=\"https:\/\/twitter.com\/hashtag\/wef23?src%3Dhash%26ref_src%3Dtwsrc%255Etfw\"><span style=\"vertical-align: inherit;\"><span style=\"vertical-align: inherit;\">#wef23 <\/span><\/span><\/a> <a href=\"https:\/\/t.co\/ahC0rxhYjp\"><span style=\"vertical-align: inherit;\"><span style=\"vertical-align: inherit;\">pic.twitter.com\/ahC0rxhYjp<\/span><\/span><\/a><\/p>\n<p><span style=\"vertical-align: inherit;\"><span style=\"vertical-align: inherit;\">\u2014 Drew Hernandez (@DrewHLive) <\/span><\/span><a href=\"https:\/\/twitter.com\/DrewHLive\/status\/1615392003411554304?ref_src%3Dtwsrc%255Etfw\"><span style=\"vertical-align: inherit;\"><span style=\"vertical-align: inherit;\">17. januar 2023<\/span><\/span><\/a><\/p><\/blockquote>\n<p><span style=\"vertical-align: inherit;\">Ponavljajo\u010de se sporo\u010dilo med leto\u0161njo konferenco WEF so bili pozivi h koncu svobode govora.<\/span><\/p>\n<div><iframe loading=\"lazy\" id=\"twitter-widget-8\" title=\"Twitter Tweet\" src=\"https:\/\/platform.twitter.com\/embed\/Tweet.html?dnt=true&amp;embedId=twitter-widget-8&amp;features=eyJ0ZndfdGltZWxpbmVfbGlzdCI6eyJidWNrZXQiOltdLCJ2ZXJzaW9uIjpudWxsfSwidGZ3X2ZvbGxvd2VyX2NvdW50X3N1bnNldCI6eyJidWNrZXQiOnRydWUsInZlcnNpb24iOm51bGx9LCJ0ZndfaG9yaXpvbl90aW1lbGluZV8xMjAzNCI6eyJidWNrZXQiOiJ0cmVhdG1lbnQiLCJ2ZXJzaW9uIjpudWxsfSwidGZ3X3R3ZWV0X2VkaXRfYmFja2VuZCI6eyJidWNrZXQiOiJvbiIsInZlcnNpb24iOm51bGx9LCJ0ZndfcmVmc3JjX3Nlc3Npb24iOnsiYnVja2V0Ijoib24iLCJ2ZXJzaW9uIjpudWxsfSwidGZ3X3Nob3dfYnVzaW5lc3NfdmVyaWZpZWRfYmFkZ2UiOnsiYnVja2V0Ijoib24iLCJ2ZXJzaW9uIjpudWxsfSwidGZ3X2NoaW5fcGlsbHNfMTQ3NDEiOnsiYnVja2V0IjoiY29sb3JfaWNvbnMiLCJ2ZXJzaW9uIjpudWxsfSwidGZ3X3R3ZWV0X3Jlc3VsdF9taWdyYXRpb25fMTM5NzkiOnsiYnVja2V0IjoidHdlZXRfcmVzdWx0IiwidmVyc2lvbiI6bnVsbH0sInRmd19taXhlZF9tZWRpYV8xNTg5NyI6eyJidWNrZXQiOiJ0cmVhdG1lbnQiLCJ2ZXJzaW9uIjpudWxsfSwidGZ3X3NlbnNpdGl2ZV9tZWRpYV9pbnRlcnN0aXRpYWxfMTM5NjMiOnsiYnVja2V0IjoiaW50ZXJzdGl0aWFsIiwidmVyc2lvbiI6bnVsbH0sInRmd19leHBlcmltZW50c19jb29raWVfZXhwaXJhdGlvbiI6eyJidWNrZXQiOjEyMDk2MDAsInZlcnNpb24iOm51bGx9LCJ0ZndfZHVwbGljYXRlX3NjcmliZXNfdG9fc2V0dGluZ3MiOnsiYnVja2V0Ijoib24iLCJ2ZXJzaW9uIjpudWxsfSwidGZ3X3ZpZGVvX2hsc19keW5hbWljX21hbmlmZXN0c18xNTA4MiI6eyJidWNrZXQiOiJ0cnVlX2JpdHJhdGUiLCJ2ZXJzaW9uIjpudWxsfSwidGZ3X3Nob3dfYmx1ZV92ZXJpZmllZF9iYWRnZSI6eyJidWNrZXQiOiJvbiIsInZlcnNpb24iOm51bGx9LCJ0ZndfbGVnYWN5X3RpbWVsaW5lX3N1bnNldCI6eyJidWNrZXQiOnRydWUsInZlcnNpb24iOm51bGx9LCJ0Zndfc2hvd19nb3ZfdmVyaWZpZWRfYmFkZ2UiOnsiYnVja2V0Ijoib24iLCJ2ZXJzaW9uIjpudWxsfSwidGZ3X3Nob3dfYnVzaW5lc3NfYWZmaWxpYXRlX2JhZGdlIjp7ImJ1Y2tldCI6Im9uIiwidmVyc2lvbiI6bnVsbH0sInRmd190d2VldF9lZGl0X2Zyb250ZW5kIjp7ImJ1Y2tldCI6Im9uIiwidmVyc2lvbiI6bnVsbH19&amp;frame=false&amp;hideCard=false&amp;hideThread=false&amp;id=1615376951107289088&amp;lang=en&amp;origin=https%3A%2F%2Fslaynews.com%2Fnews%2Fwef-speaker-we-must-form-new-world-order%2F&amp;sessionId=a5b5f56c4268b3c08e60d599abf8739346868128&amp;theme=light&amp;widgetsVersion=2b959255e8896%3A1673658205745&amp;width=500px\" width=\"450\" height=\"550\" frameborder=\"0\" scrolling=\"no\" allowfullscreen=\"allowfullscreen\" data-tweet-id=\"1615376951107289088\"><\/iframe><\/div>\n<blockquote class=\"twitter-tweet\" data-width=\"500\" data-dnt=\"true\" data-twitter-extracted-i1674381876525874376=\"true\">\n<p dir=\"ltr\" lang=\"en\"><span style=\"vertical-align: inherit;\">Podpredsednica Evropske komisije V\u011bra Jourov\u00e1 na WEF:<\/span><\/p>\n<p><span style=\"vertical-align: inherit;\"><span style=\"vertical-align: inherit;\">&#8220;Nezakonit sovra\u017eni govor, ki ga boste kmalu imeli tudi v ZDA. Mislim, da imamo tehten razlog, zakaj imamo to v kazenskem pravu.&#8221; <\/span><\/span><a href=\"https:\/\/t.co\/iLR1MePTYT\"><span style=\"vertical-align: inherit;\"><span style=\"vertical-align: inherit;\">pic.twitter.com\/iLR1MePTYT<\/span><\/span><\/a><\/p>\n<p><span style=\"vertical-align: inherit;\"><span style=\"vertical-align: inherit;\">\u2014 Washington Free Beacon (@FreeBeacon) <\/span><\/span><a href=\"https:\/\/twitter.com\/FreeBeacon\/status\/1615376951107289088?ref_src%3Dtwsrc%255Etfw\"><span style=\"vertical-align: inherit;\"><span style=\"vertical-align: inherit;\">17. januar 2023<\/span><\/span><\/a><\/p><\/blockquote>\n<p><span style=\"vertical-align: inherit;\">Subvertiranje kulture LGBT v vse vidike medijev in zabave.<\/span><\/p>\n<p><strong>GLEJ:<\/strong><\/p>\n<div><iframe loading=\"lazy\" id=\"twitter-widget-9\" title=\"Twitter Tweet\" src=\"https:\/\/platform.twitter.com\/embed\/Tweet.html?dnt=true&amp;embedId=twitter-widget-9&amp;features=eyJ0ZndfdGltZWxpbmVfbGlzdCI6eyJidWNrZXQiOltdLCJ2ZXJzaW9uIjpudWxsfSwidGZ3X2ZvbGxvd2VyX2NvdW50X3N1bnNldCI6eyJidWNrZXQiOnRydWUsInZlcnNpb24iOm51bGx9LCJ0ZndfaG9yaXpvbl90aW1lbGluZV8xMjAzNCI6eyJidWNrZXQiOiJ0cmVhdG1lbnQiLCJ2ZXJzaW9uIjpudWxsfSwidGZ3X3R3ZWV0X2VkaXRfYmFja2VuZCI6eyJidWNrZXQiOiJvbiIsInZlcnNpb24iOm51bGx9LCJ0ZndfcmVmc3JjX3Nlc3Npb24iOnsiYnVja2V0Ijoib24iLCJ2ZXJzaW9uIjpudWxsfSwidGZ3X3Nob3dfYnVzaW5lc3NfdmVyaWZpZWRfYmFkZ2UiOnsiYnVja2V0Ijoib24iLCJ2ZXJzaW9uIjpudWxsfSwidGZ3X2NoaW5fcGlsbHNfMTQ3NDEiOnsiYnVja2V0IjoiY29sb3JfaWNvbnMiLCJ2ZXJzaW9uIjpudWxsfSwidGZ3X3R3ZWV0X3Jlc3VsdF9taWdyYXRpb25fMTM5NzkiOnsiYnVja2V0IjoidHdlZXRfcmVzdWx0IiwidmVyc2lvbiI6bnVsbH0sInRmd19taXhlZF9tZWRpYV8xNTg5NyI6eyJidWNrZXQiOiJ0cmVhdG1lbnQiLCJ2ZXJzaW9uIjpudWxsfSwidGZ3X3NlbnNpdGl2ZV9tZWRpYV9pbnRlcnN0aXRpYWxfMTM5NjMiOnsiYnVja2V0IjoiaW50ZXJzdGl0aWFsIiwidmVyc2lvbiI6bnVsbH0sInRmd19leHBlcmltZW50c19jb29raWVfZXhwaXJhdGlvbiI6eyJidWNrZXQiOjEyMDk2MDAsInZlcnNpb24iOm51bGx9LCJ0ZndfZHVwbGljYXRlX3NjcmliZXNfdG9fc2V0dGluZ3MiOnsiYnVja2V0Ijoib24iLCJ2ZXJzaW9uIjpudWxsfSwidGZ3X3ZpZGVvX2hsc19keW5hbWljX21hbmlmZXN0c18xNTA4MiI6eyJidWNrZXQiOiJ0cnVlX2JpdHJhdGUiLCJ2ZXJzaW9uIjpudWxsfSwidGZ3X3Nob3dfYmx1ZV92ZXJpZmllZF9iYWRnZSI6eyJidWNrZXQiOiJvbiIsInZlcnNpb24iOm51bGx9LCJ0ZndfbGVnYWN5X3RpbWVsaW5lX3N1bnNldCI6eyJidWNrZXQiOnRydWUsInZlcnNpb24iOm51bGx9LCJ0Zndfc2hvd19nb3ZfdmVyaWZpZWRfYmFkZ2UiOnsiYnVja2V0Ijoib24iLCJ2ZXJzaW9uIjpudWxsfSwidGZ3X3Nob3dfYnVzaW5lc3NfYWZmaWxpYXRlX2JhZGdlIjp7ImJ1Y2tldCI6Im9uIiwidmVyc2lvbiI6bnVsbH0sInRmd190d2VldF9lZGl0X2Zyb250ZW5kIjp7ImJ1Y2tldCI6Im9uIiwidmVyc2lvbiI6bnVsbH19&amp;frame=false&amp;hideCard=false&amp;hideThread=false&amp;id=1616064445935144960&amp;lang=en&amp;origin=https%3A%2F%2Fslaynews.com%2Fnews%2Fwef-speaker-we-must-form-new-world-order%2F&amp;sessionId=a5b5f56c4268b3c08e60d599abf8739346868128&amp;theme=light&amp;widgetsVersion=2b959255e8896%3A1673658205745&amp;width=500px\" width=\"450\" height=\"550\" frameborder=\"0\" scrolling=\"no\" allowfullscreen=\"allowfullscreen\" data-tweet-id=\"1616064445935144960\"><\/iframe><\/div>\n<blockquote class=\"twitter-tweet\" data-width=\"500\" data-dnt=\"true\" data-twitter-extracted-i1674381876525874376=\"true\">\n<p dir=\"ltr\" lang=\"en\"><span style=\"vertical-align: inherit;\"><span style=\"vertical-align: inherit;\">DAVOS WATCH: Panel WEF LGBTQI+ razpravlja o subvertiranju kulture z agendo LGBTQ prek medijev, zabave in trdi, da &#8220;smo pri tem zelo tesno sodelovali s Hollywoodom&#8221; <\/span><\/span><a href=\"https:\/\/twitter.com\/hashtag\/wef23?src%3Dhash%26ref_src%3Dtwsrc%255Etfw\"><span style=\"vertical-align: inherit;\"><span style=\"vertical-align: inherit;\">#wef23 <\/span><\/span><\/a> <a href=\"https:\/\/t.co\/TZEhZjGErZ\"><span style=\"vertical-align: inherit;\"><span style=\"vertical-align: inherit;\">pic.twitter.com\/TZEhZjGErZ<\/span><\/span><\/a><\/p>\n<p><span style=\"vertical-align: inherit;\"><span style=\"vertical-align: inherit;\">\u2014 Drew Hernandez (@DrewHLive) <\/span><\/span><a href=\"https:\/\/twitter.com\/DrewHLive\/status\/1616064445935144960?ref_src%3Dtwsrc%255Etfw\"><span style=\"vertical-align: inherit;\"><span style=\"vertical-align: inherit;\">19. januar 2023<\/span><\/span><\/a><\/p><\/blockquote>\n<p><span style=\"vertical-align: inherit;\">Lobiranje za eno svetovno religijo, ki temelji na okoljevarstvu.<\/span><\/p>\n<p><strong>GLEJ:<\/strong><\/p>\n<div><iframe loading=\"lazy\" id=\"twitter-widget-10\" title=\"Twitter Tweet\" src=\"https:\/\/platform.twitter.com\/embed\/Tweet.html?dnt=true&amp;embedId=twitter-widget-10&amp;features=eyJ0ZndfdGltZWxpbmVfbGlzdCI6eyJidWNrZXQiOltdLCJ2ZXJzaW9uIjpudWxsfSwidGZ3X2ZvbGxvd2VyX2NvdW50X3N1bnNldCI6eyJidWNrZXQiOnRydWUsInZlcnNpb24iOm51bGx9LCJ0ZndfaG9yaXpvbl90aW1lbGluZV8xMjAzNCI6eyJidWNrZXQiOiJ0cmVhdG1lbnQiLCJ2ZXJzaW9uIjpudWxsfSwidGZ3X3R3ZWV0X2VkaXRfYmFja2VuZCI6eyJidWNrZXQiOiJvbiIsInZlcnNpb24iOm51bGx9LCJ0ZndfcmVmc3JjX3Nlc3Npb24iOnsiYnVja2V0Ijoib24iLCJ2ZXJzaW9uIjpudWxsfSwidGZ3X3Nob3dfYnVzaW5lc3NfdmVyaWZpZWRfYmFkZ2UiOnsiYnVja2V0Ijoib24iLCJ2ZXJzaW9uIjpudWxsfSwidGZ3X2NoaW5fcGlsbHNfMTQ3NDEiOnsiYnVja2V0IjoiY29sb3JfaWNvbnMiLCJ2ZXJzaW9uIjpudWxsfSwidGZ3X3R3ZWV0X3Jlc3VsdF9taWdyYXRpb25fMTM5NzkiOnsiYnVja2V0IjoidHdlZXRfcmVzdWx0IiwidmVyc2lvbiI6bnVsbH0sInRmd19taXhlZF9tZWRpYV8xNTg5NyI6eyJidWNrZXQiOiJ0cmVhdG1lbnQiLCJ2ZXJzaW9uIjpudWxsfSwidGZ3X3NlbnNpdGl2ZV9tZWRpYV9pbnRlcnN0aXRpYWxfMTM5NjMiOnsiYnVja2V0IjoiaW50ZXJzdGl0aWFsIiwidmVyc2lvbiI6bnVsbH0sInRmd19leHBlcmltZW50c19jb29raWVfZXhwaXJhdGlvbiI6eyJidWNrZXQiOjEyMDk2MDAsInZlcnNpb24iOm51bGx9LCJ0ZndfZHVwbGljYXRlX3NjcmliZXNfdG9fc2V0dGluZ3MiOnsiYnVja2V0Ijoib24iLCJ2ZXJzaW9uIjpudWxsfSwidGZ3X3ZpZGVvX2hsc19keW5hbWljX21hbmlmZXN0c18xNTA4MiI6eyJidWNrZXQiOiJ0cnVlX2JpdHJhdGUiLCJ2ZXJzaW9uIjpudWxsfSwidGZ3X3Nob3dfYmx1ZV92ZXJpZmllZF9iYWRnZSI6eyJidWNrZXQiOiJvbiIsInZlcnNpb24iOm51bGx9LCJ0ZndfbGVnYWN5X3RpbWVsaW5lX3N1bnNldCI6eyJidWNrZXQiOnRydWUsInZlcnNpb24iOm51bGx9LCJ0Zndfc2hvd19nb3ZfdmVyaWZpZWRfYmFkZ2UiOnsiYnVja2V0Ijoib24iLCJ2ZXJzaW9uIjpudWxsfSwidGZ3X3Nob3dfYnVzaW5lc3NfYWZmaWxpYXRlX2JhZGdlIjp7ImJ1Y2tldCI6Im9uIiwidmVyc2lvbiI6bnVsbH0sInRmd190d2VldF9lZGl0X2Zyb250ZW5kIjp7ImJ1Y2tldCI6Im9uIiwidmVyc2lvbiI6bnVsbH19&amp;frame=false&amp;hideCard=false&amp;hideThread=false&amp;id=1615736073430380546&amp;lang=en&amp;origin=https%3A%2F%2Fslaynews.com%2Fnews%2Fwef-speaker-we-must-form-new-world-order%2F&amp;sessionId=a5b5f56c4268b3c08e60d599abf8739346868128&amp;theme=light&amp;widgetsVersion=2b959255e8896%3A1673658205745&amp;width=500px\" width=\"450\" height=\"550\" frameborder=\"0\" scrolling=\"no\" allowfullscreen=\"allowfullscreen\" data-tweet-id=\"1615736073430380546\"><\/iframe><\/div>\n<blockquote class=\"twitter-tweet\" data-width=\"500\" data-dnt=\"true\" data-twitter-extracted-i1674381876525874376=\"true\">\n<p dir=\"ltr\" lang=\"en\"><span style=\"vertical-align: inherit;\"><span style=\"vertical-align: inherit;\">&#8220;Na\u0161i verski voditelji vedo, da je ta kriza veliko ve\u010d kot le fizi\u010dna &#8230; kot ljudje imamo globoko ranjen duh &#8230;&#8221; -Klovn pri WEF lobira za eno svetovno religijo. <\/span><\/span><a href=\"https:\/\/t.co\/TLc6fnkUsS\"><span style=\"vertical-align: inherit;\"><span style=\"vertical-align: inherit;\">pic.twitter.com\/TLc6fnkUsS<\/span><\/span><\/a><\/p>\n<p><span style=\"vertical-align: inherit;\"><span style=\"vertical-align: inherit;\">\u2014 Liz Churchill (@liz_churchill8) <\/span><\/span><a href=\"https:\/\/twitter.com\/liz_churchill8\/status\/1615736073430380546?ref_src%3Dtwsrc%255Etfw\"><span style=\"vertical-align: inherit;\"><span style=\"vertical-align: inherit;\">18. januar 2023<\/span><\/span><\/a><\/p><\/blockquote>\n<p><span style=\"vertical-align: inherit;\">Pospe\u0161evanje okoljske histerije za prevzem ve\u010d mo\u010di in zni\u017eanje \u017eivljenjskega standarda.<\/span><\/p>\n<div><iframe loading=\"lazy\" id=\"twitter-widget-11\" title=\"Twitter Tweet\" src=\"https:\/\/platform.twitter.com\/embed\/Tweet.html?dnt=true&amp;embedId=twitter-widget-11&amp;features=eyJ0ZndfdGltZWxpbmVfbGlzdCI6eyJidWNrZXQiOltdLCJ2ZXJzaW9uIjpudWxsfSwidGZ3X2ZvbGxvd2VyX2NvdW50X3N1bnNldCI6eyJidWNrZXQiOnRydWUsInZlcnNpb24iOm51bGx9LCJ0ZndfaG9yaXpvbl90aW1lbGluZV8xMjAzNCI6eyJidWNrZXQiOiJ0cmVhdG1lbnQiLCJ2ZXJzaW9uIjpudWxsfSwidGZ3X3R3ZWV0X2VkaXRfYmFja2VuZCI6eyJidWNrZXQiOiJvbiIsInZlcnNpb24iOm51bGx9LCJ0ZndfcmVmc3JjX3Nlc3Npb24iOnsiYnVja2V0Ijoib24iLCJ2ZXJzaW9uIjpudWxsfSwidGZ3X3Nob3dfYnVzaW5lc3NfdmVyaWZpZWRfYmFkZ2UiOnsiYnVja2V0Ijoib24iLCJ2ZXJzaW9uIjpudWxsfSwidGZ3X2NoaW5fcGlsbHNfMTQ3NDEiOnsiYnVja2V0IjoiY29sb3JfaWNvbnMiLCJ2ZXJzaW9uIjpudWxsfSwidGZ3X3R3ZWV0X3Jlc3VsdF9taWdyYXRpb25fMTM5NzkiOnsiYnVja2V0IjoidHdlZXRfcmVzdWx0IiwidmVyc2lvbiI6bnVsbH0sInRmd19taXhlZF9tZWRpYV8xNTg5NyI6eyJidWNrZXQiOiJ0cmVhdG1lbnQiLCJ2ZXJzaW9uIjpudWxsfSwidGZ3X3NlbnNpdGl2ZV9tZWRpYV9pbnRlcnN0aXRpYWxfMTM5NjMiOnsiYnVja2V0IjoiaW50ZXJzdGl0aWFsIiwidmVyc2lvbiI6bnVsbH0sInRmd19leHBlcmltZW50c19jb29raWVfZXhwaXJhdGlvbiI6eyJidWNrZXQiOjEyMDk2MDAsInZlcnNpb24iOm51bGx9LCJ0ZndfZHVwbGljYXRlX3NjcmliZXNfdG9fc2V0dGluZ3MiOnsiYnVja2V0Ijoib24iLCJ2ZXJzaW9uIjpudWxsfSwidGZ3X3ZpZGVvX2hsc19keW5hbWljX21hbmlmZXN0c18xNTA4MiI6eyJidWNrZXQiOiJ0cnVlX2JpdHJhdGUiLCJ2ZXJzaW9uIjpudWxsfSwidGZ3X3Nob3dfYmx1ZV92ZXJpZmllZF9iYWRnZSI6eyJidWNrZXQiOiJvbiIsInZlcnNpb24iOm51bGx9LCJ0ZndfbGVnYWN5X3RpbWVsaW5lX3N1bnNldCI6eyJidWNrZXQiOnRydWUsInZlcnNpb24iOm51bGx9LCJ0Zndfc2hvd19nb3ZfdmVyaWZpZWRfYmFkZ2UiOnsiYnVja2V0Ijoib24iLCJ2ZXJzaW9uIjpudWxsfSwidGZ3X3Nob3dfYnVzaW5lc3NfYWZmaWxpYXRlX2JhZGdlIjp7ImJ1Y2tldCI6Im9uIiwidmVyc2lvbiI6bnVsbH0sInRmd190d2VldF9lZGl0X2Zyb250ZW5kIjp7ImJ1Y2tldCI6Im9uIiwidmVyc2lvbiI6bnVsbH19&amp;frame=false&amp;hideCard=false&amp;hideThread=false&amp;id=1615831417254211584&amp;lang=en&amp;origin=https%3A%2F%2Fslaynews.com%2Fnews%2Fwef-speaker-we-must-form-new-world-order%2F&amp;sessionId=a5b5f56c4268b3c08e60d599abf8739346868128&amp;theme=light&amp;widgetsVersion=2b959255e8896%3A1673658205745&amp;width=500px\" width=\"450\" height=\"550\" frameborder=\"0\" scrolling=\"no\" allowfullscreen=\"allowfullscreen\" data-tweet-id=\"1615831417254211584\"><\/iframe><\/div>\n<blockquote class=\"twitter-tweet\" data-width=\"500\" data-dnt=\"true\" data-twitter-extracted-i1674381876525874376=\"true\">\n<p dir=\"ltr\" lang=\"en\"><span style=\"vertical-align: inherit;\"><span style=\"vertical-align: inherit;\">Al Gore je na WEF nemoten. <\/span><\/span><a href=\"https:\/\/t.co\/RnOFHG6mrn\"><span style=\"vertical-align: inherit;\"><span style=\"vertical-align: inherit;\">pic.twitter.com\/RnOFHG6mrn<\/span><\/span><\/a><\/p>\n<p><span style=\"vertical-align: inherit;\"><span style=\"vertical-align: inherit;\">\u2014 Citizen Free Press (@CitizenFreePres) <\/span><\/span><a href=\"https:\/\/twitter.com\/CitizenFreePres\/status\/1615831417254211584?ref_src%3Dtwsrc%255Etfw\"><span style=\"vertical-align: inherit;\"><span style=\"vertical-align: inherit;\">18. januar 2023<\/span><\/span><\/a><\/p><\/blockquote>\n<p><span style=\"vertical-align: inherit;\">Elon Musk je nedavno tvitnil, da &#8220;WEF vse bolj postaja neizvoljena svetovna vlada, ki je ljudje nikoli niso zahtevali in no\u010dejo.&#8221;<\/span><\/p>\n<p><span style=\"vertical-align: inherit;\">Globalisti iz Davosa sporo\u010dila o\u010ditno niso prejeli.<\/span><\/p>\n<div><iframe loading=\"lazy\" id=\"twitter-widget-12\" title=\"Twitter Tweet\" src=\"https:\/\/platform.twitter.com\/embed\/Tweet.html?dnt=true&amp;embedId=twitter-widget-12&amp;features=eyJ0ZndfdGltZWxpbmVfbGlzdCI6eyJidWNrZXQiOltdLCJ2ZXJzaW9uIjpudWxsfSwidGZ3X2ZvbGxvd2VyX2NvdW50X3N1bnNldCI6eyJidWNrZXQiOnRydWUsInZlcnNpb24iOm51bGx9LCJ0ZndfaG9yaXpvbl90aW1lbGluZV8xMjAzNCI6eyJidWNrZXQiOiJ0cmVhdG1lbnQiLCJ2ZXJzaW9uIjpudWxsfSwidGZ3X3R3ZWV0X2VkaXRfYmFja2VuZCI6eyJidWNrZXQiOiJvbiIsInZlcnNpb24iOm51bGx9LCJ0ZndfcmVmc3JjX3Nlc3Npb24iOnsiYnVja2V0Ijoib24iLCJ2ZXJzaW9uIjpudWxsfSwidGZ3X3Nob3dfYnVzaW5lc3NfdmVyaWZpZWRfYmFkZ2UiOnsiYnVja2V0Ijoib24iLCJ2ZXJzaW9uIjpudWxsfSwidGZ3X2NoaW5fcGlsbHNfMTQ3NDEiOnsiYnVja2V0IjoiY29sb3JfaWNvbnMiLCJ2ZXJzaW9uIjpudWxsfSwidGZ3X3R3ZWV0X3Jlc3VsdF9taWdyYXRpb25fMTM5NzkiOnsiYnVja2V0IjoidHdlZXRfcmVzdWx0IiwidmVyc2lvbiI6bnVsbH0sInRmd19taXhlZF9tZWRpYV8xNTg5NyI6eyJidWNrZXQiOiJ0cmVhdG1lbnQiLCJ2ZXJzaW9uIjpudWxsfSwidGZ3X3NlbnNpdGl2ZV9tZWRpYV9pbnRlcnN0aXRpYWxfMTM5NjMiOnsiYnVja2V0IjoiaW50ZXJzdGl0aWFsIiwidmVyc2lvbiI6bnVsbH0sInRmd19leHBlcmltZW50c19jb29raWVfZXhwaXJhdGlvbiI6eyJidWNrZXQiOjEyMDk2MDAsInZlcnNpb24iOm51bGx9LCJ0ZndfZHVwbGljYXRlX3NjcmliZXNfdG9fc2V0dGluZ3MiOnsiYnVja2V0Ijoib24iLCJ2ZXJzaW9uIjpudWxsfSwidGZ3X3ZpZGVvX2hsc19keW5hbWljX21hbmlmZXN0c18xNTA4MiI6eyJidWNrZXQiOiJ0cnVlX2JpdHJhdGUiLCJ2ZXJzaW9uIjpudWxsfSwidGZ3X3Nob3dfYmx1ZV92ZXJpZmllZF9iYWRnZSI6eyJidWNrZXQiOiJvbiIsInZlcnNpb24iOm51bGx9LCJ0ZndfbGVnYWN5X3RpbWVsaW5lX3N1bnNldCI6eyJidWNrZXQiOnRydWUsInZlcnNpb24iOm51bGx9LCJ0Zndfc2hvd19nb3ZfdmVyaWZpZWRfYmFkZ2UiOnsiYnVja2V0Ijoib24iLCJ2ZXJzaW9uIjpudWxsfSwidGZ3X3Nob3dfYnVzaW5lc3NfYWZmaWxpYXRlX2JhZGdlIjp7ImJ1Y2tldCI6Im9uIiwidmVyc2lvbiI6bnVsbH0sInRmd190d2VldF9lZGl0X2Zyb250ZW5kIjp7ImJ1Y2tldCI6Im9uIiwidmVyc2lvbiI6bnVsbH19&amp;frame=false&amp;hideCard=false&amp;hideThread=false&amp;id=1615751952465563650&amp;lang=en&amp;origin=https%3A%2F%2Fslaynews.com%2Fnews%2Fwef-speaker-we-must-form-new-world-order%2F&amp;sessionId=a5b5f56c4268b3c08e60d599abf8739346868128&amp;theme=light&amp;widgetsVersion=2b959255e8896%3A1673658205745&amp;width=500px\" width=\"450\" height=\"550\" frameborder=\"0\" scrolling=\"no\" allowfullscreen=\"allowfullscreen\" data-tweet-id=\"1615751952465563650\"><\/iframe><\/div>\n<blockquote class=\"twitter-tweet\" data-width=\"500\" data-dnt=\"true\" data-twitter-extracted-i1674381876525874376=\"true\">\n<p dir=\"ltr\" lang=\"en\"><span style=\"vertical-align: inherit;\">WEF vse bolj postaja neizvoljena svetovna vlada, ki je ljudje nikoli niso zahtevali in je no\u010dejo<\/span><\/p>\n<p><span style=\"vertical-align: inherit;\"><span style=\"vertical-align: inherit;\">\u2014 Elon Musk (@elonmusk) <\/span><\/span><a href=\"https:\/\/twitter.com\/elonmusk\/status\/1615751952465563650?ref_src%3Dtwsrc%255Etfw\"><span style=\"vertical-align: inherit;\"><span style=\"vertical-align: inherit;\">18. januar 2023<\/span><\/span><\/a><\/p><\/blockquote>\n<p><span style=\"vertical-align: inherit;\">Seveda Slay News s poro\u010danjem o dnevnem redu WEF samo razpreda &#8220;divje teorije zarote&#8221; in &#8220;dezinformacije&#8221;, ker vplivni ljudje ne bi nikoli razpravljali o takih stvareh &#8230;<\/span><\/p>\n<p><span style=\"vertical-align: inherit;\">\u2026ali vsaj tako ho\u010de verjeti korporativni medijski propagandni stroj.<\/span><\/p>\n<\/div>\n<p><em>Vir:\u00a0<a href=\"https:\/\/slaynews.com\/news\/wef-speaker-we-must-form-new-world-order\/\" target=\"_blank\" rel=\"noopener\">https:\/\/slaynews.com\/news\/wef-speaker-we-must-form-new-world-order\/<\/a><\/em><br \/>\n&nbsp;<\/p>\n","protected":false},"excerpt":{"rendered":"<p>Frank Bergman 20. januar 2023 Govornik na letnem sre\u010danju Svetovnega gospodarskega foruma (WEF) v Davosu v \u0160vici je udele\u017eencem dejal, da &#8220;moramo oblikovati&#8221; &#8220;novo svetovno ureditev&#8221;. Pakistanski minister za zunanje zadeve Bilawal Bhutto Zardari je [&hellip;]<\/p>\n","protected":false},"author":1,"featured_media":2304,"comment_status":"closed","ping_status":"closed","sticky":false,"template":"","format":"standard","meta":{"site-sidebar-layout":"default","site-content-layout":"default","ast-site-content-layout":"default","site-content-style":"default","site-sidebar-style":"default","ast-global-header-display":"","ast-banner-title-visibility":"","ast-main-header-display":"","ast-hfb-above-header-display":"","ast-hfb-below-header-display":"","ast-hfb-mobile-header-display":"","site-post-title":"","ast-breadcrumbs-content":"","ast-featured-img":"","footer-sml-layout":"","ast-disable-related-posts":"","theme-transparent-header-meta":"default","adv-header-id-meta":"","stick-header-meta":"","header-above-stick-meta":"","header-main-stick-meta":"","header-below-stick-meta":"","astra-migrate-meta-layouts":"default","ast-page-background-enabled":"default","ast-page-background-meta":{"desktop":{"background-color":"var(--ast-global-color-4)","background-image":"","background-repeat":"repeat","background-position":"center center","background-size":"auto","background-attachment":"scroll","background-type":"","background-media":"","overlay-type":"","overlay-color":"","overlay-opacity":"","overlay-gradient":""},"tablet":{"background-color":"","background-image":"","background-repeat":"repeat","background-position":"center center","background-size":"auto","background-attachment":"scroll","background-type":"","background-media":"","overlay-type":"","overlay-color":"","overlay-opacity":"","overlay-gradient":""},"mobile":{"background-color":"","background-image":"","background-repeat":"repeat","background-position":"center center","background-size":"auto","background-attachment":"scroll","background-type":"","background-media":"","overlay-type":"","overlay-color":"","overlay-opacity":"","overlay-gradient":""}},"ast-content-background-meta":{"desktop":{"background-color":"var(--ast-global-color-5)","background-image":"","background-repeat":"repeat","background-position":"center center","background-size":"auto","background-attachment":"scroll","background-type":"","background-media":"","overlay-type":"","overlay-color":"","overlay-opacity":"","overlay-gradient":""},"tablet":{"background-color":"var(--ast-global-color-5)","background-image":"","background-repeat":"repeat","background-position":"center center","background-size":"auto","background-attachment":"scroll","background-type":"","background-media":"","overlay-type":"","overlay-color":"","overlay-opacity":"","overlay-gradient":""},"mobile":{"background-color":"var(--ast-global-color-5)","background-image":"","background-repeat":"repeat","background-position":"center center","background-size":"auto","background-attachment":"scroll","background-type":"","background-media":"","overlay-type":"","overlay-color":"","overlay-opacity":"","overlay-gradient":""}},"footnotes":""},"categories":[33,7],"tags":[],"class_list":["post-2301","post","type-post","status-publish","format-standard","has-post-thumbnail","hentry","category-informacije","category-politika"],"aioseo_notices":[],"aioseo_head":"\n\t\t<!-- All in One SEO 5.0.0.1 - aioseo.com -->\n\t<meta name=\"description\" content=\"Frank Bergman 20. januar 2023 Govornik na letnem sre\u010danju Svetovnega gospodarskega foruma (WEF) v Davosu v \u0160vici je udele\u017eencem dejal, da &quot;moramo oblikovati&quot; &quot;novo svetovno ureditev&quot;. Pakistanski minister za zunanje zadeve Bilawal Bhutto Zardari je med govorom na vrhu v \u010detrtek izrecno izjavil, da je cilj WEF ustvariti &quot;nov svetovni red&quot;. Zardari je to dejal,\" \/>\n\t<meta name=\"robots\" content=\"max-image-preview:large\" \/>\n\t<meta name=\"author\" content=\"admin\"\/>\n\t<link rel=\"canonical\" href=\"https:\/\/delinaprej.eu\/index.php\/2023\/01\/23\/govornik-wef-moramo-oblikovati-novi-svetovni-red\/\" \/>\n\t<meta name=\"generator\" content=\"All in One SEO (AIOSEO) 5.0.0.1\" \/>\n\t\t<meta property=\"og:locale\" content=\"en_US\" \/>\n\t\t<meta property=\"og:site_name\" content=\"Deli Naprej ... - Tukaj so druga mnenja ... ali pa\u010d ...\" \/>\n\t\t<meta property=\"og:type\" content=\"article\" \/>\n\t\t<meta property=\"og:title\" content=\"Govornik WEF: \u2018Moramo oblikovati\u2019 \u2018novi svetovni red\u2019 \ud83c\uddf8\ud83c\uddee - Deli Naprej ...\" \/>\n\t\t<meta property=\"og:description\" content=\"Frank Bergman 20. januar 2023 Govornik na letnem sre\u010danju Svetovnega gospodarskega foruma (WEF) v Davosu v \u0160vici je udele\u017eencem dejal, da &quot;moramo oblikovati&quot; &quot;novo svetovno ureditev&quot;. Pakistanski minister za zunanje zadeve Bilawal Bhutto Zardari je med govorom na vrhu v \u010detrtek izrecno izjavil, da je cilj WEF ustvariti &quot;nov svetovni red&quot;. Zardari je to dejal,\" \/>\n\t\t<meta property=\"og:url\" content=\"https:\/\/delinaprej.eu\/index.php\/2023\/01\/23\/govornik-wef-moramo-oblikovati-novi-svetovni-red\/\" \/>\n\t\t<meta property=\"og:image\" content=\"https:\/\/delinaprej.eu\/wp-content\/uploads\/2023\/01\/bilawal-bhutto-zardari-klaus-schwab-wef-new-world-order-2.jpg\" \/>\n\t\t<meta property=\"og:image:secure_url\" content=\"https:\/\/delinaprej.eu\/wp-content\/uploads\/2023\/01\/bilawal-bhutto-zardari-klaus-schwab-wef-new-world-order-2.jpg\" \/>\n\t\t<meta property=\"og:image:width\" content=\"800\" \/>\n\t\t<meta property=\"og:image:height\" content=\"439\" \/>\n\t\t<meta property=\"article:published_time\" content=\"2023-01-23T20:20:49+00:00\" \/>\n\t\t<meta property=\"article:modified_time\" content=\"2023-01-24T08:24:16+00:00\" \/>\n\t\t<meta name=\"twitter:card\" content=\"summary_large_image\" \/>\n\t\t<meta name=\"twitter:title\" content=\"Govornik WEF: \u2018Moramo oblikovati\u2019 \u2018novi svetovni red\u2019 \ud83c\uddf8\ud83c\uddee - Deli Naprej ...\" \/>\n\t\t<meta name=\"twitter:description\" content=\"Frank Bergman 20. januar 2023 Govornik na letnem sre\u010danju Svetovnega gospodarskega foruma (WEF) v Davosu v \u0160vici je udele\u017eencem dejal, da &quot;moramo oblikovati&quot; &quot;novo svetovno ureditev&quot;. Pakistanski minister za zunanje zadeve Bilawal Bhutto Zardari je med govorom na vrhu v \u010detrtek izrecno izjavil, da je cilj WEF ustvariti &quot;nov svetovni red&quot;. Zardari je to dejal,\" \/>\n\t\t<meta name=\"twitter:image\" content=\"https:\/\/delinaprej.eu\/wp-content\/uploads\/2023\/01\/bilawal-bhutto-zardari-klaus-schwab-wef-new-world-order-2.jpg\" \/>\n\t\t<script type=\"application\/ld+json\" class=\"aioseo-schema\">\n\t\t\t{\"@context\":\"https:\\\/\\\/schema.org\",\"@graph\":[{\"@type\":\"BlogPosting\",\"@id\":\"https:\\\/\\\/delinaprej.eu\\\/index.php\\\/2023\\\/01\\\/23\\\/govornik-wef-moramo-oblikovati-novi-svetovni-red\\\/#blogposting\",\"name\":\"Govornik WEF: \\u2018Moramo oblikovati\\u2019 \\u2018novi svetovni red\\u2019 \\ud83c\\uddf8\\ud83c\\uddee - Deli Naprej ...\",\"headline\":\"Govornik WEF: &#8216;Moramo oblikovati&#8217; &#8216;novi svetovni red&#8217; \\ud83c\\uddf8\\ud83c\\uddee\",\"author\":{\"@id\":\"https:\\\/\\\/delinaprej.eu\\\/index.php\\\/author\\\/jakakozmos\\\/#author\"},\"publisher\":{\"@id\":\"https:\\\/\\\/delinaprej.eu\\\/#person\"},\"image\":{\"@type\":\"ImageObject\",\"url\":\"https:\\\/\\\/delinaprej.eu\\\/wp-content\\\/uploads\\\/2023\\\/01\\\/bilawal-bhutto-zardari-klaus-schwab-wef-new-world-order-2.jpg\",\"width\":800,\"height\":439},\"datePublished\":\"2023-01-23T21:20:49+01:00\",\"dateModified\":\"2023-01-24T09:24:16+01:00\",\"inLanguage\":\"en-US\",\"mainEntityOfPage\":{\"@id\":\"https:\\\/\\\/delinaprej.eu\\\/index.php\\\/2023\\\/01\\\/23\\\/govornik-wef-moramo-oblikovati-novi-svetovni-red\\\/#webpage\"},\"isPartOf\":{\"@id\":\"https:\\\/\\\/delinaprej.eu\\\/index.php\\\/2023\\\/01\\\/23\\\/govornik-wef-moramo-oblikovati-novi-svetovni-red\\\/#webpage\"},\"articleSection\":\"Informacije, Politika\"},{\"@type\":\"BreadcrumbList\",\"@id\":\"https:\\\/\\\/delinaprej.eu\\\/index.php\\\/2023\\\/01\\\/23\\\/govornik-wef-moramo-oblikovati-novi-svetovni-red\\\/#breadcrumblist\",\"itemListElement\":[{\"@type\":\"ListItem\",\"@id\":\"https:\\\/\\\/delinaprej.eu#listItem\",\"position\":1,\"name\":\"Home\",\"item\":\"https:\\\/\\\/delinaprej.eu\",\"nextItem\":{\"@type\":\"ListItem\",\"@id\":\"https:\\\/\\\/delinaprej.eu\\\/index.php\\\/category\\\/politika\\\/#listItem\",\"name\":\"Politika\"}},{\"@type\":\"ListItem\",\"@id\":\"https:\\\/\\\/delinaprej.eu\\\/index.php\\\/category\\\/politika\\\/#listItem\",\"position\":2,\"name\":\"Politika\",\"item\":\"https:\\\/\\\/delinaprej.eu\\\/index.php\\\/category\\\/politika\\\/\",\"nextItem\":{\"@type\":\"ListItem\",\"@id\":\"https:\\\/\\\/delinaprej.eu\\\/index.php\\\/2023\\\/01\\\/23\\\/govornik-wef-moramo-oblikovati-novi-svetovni-red\\\/#listItem\",\"name\":\"Govornik WEF: &#8216;Moramo oblikovati&#8217; &#8216;novi svetovni red&#8217; \\ud83c\\uddf8\\ud83c\\uddee\"},\"previousItem\":{\"@type\":\"ListItem\",\"@id\":\"https:\\\/\\\/delinaprej.eu#listItem\",\"name\":\"Home\"}},{\"@type\":\"ListItem\",\"@id\":\"https:\\\/\\\/delinaprej.eu\\\/index.php\\\/2023\\\/01\\\/23\\\/govornik-wef-moramo-oblikovati-novi-svetovni-red\\\/#listItem\",\"position\":3,\"name\":\"Govornik WEF: &#8216;Moramo oblikovati&#8217; &#8216;novi svetovni red&#8217; \\ud83c\\uddf8\\ud83c\\uddee\",\"previousItem\":{\"@type\":\"ListItem\",\"@id\":\"https:\\\/\\\/delinaprej.eu\\\/index.php\\\/category\\\/politika\\\/#listItem\",\"name\":\"Politika\"}}]},{\"@type\":\"Person\",\"@id\":\"https:\\\/\\\/delinaprej.eu\\\/#person\",\"name\":\"admin\",\"image\":{\"@type\":\"ImageObject\",\"@id\":\"https:\\\/\\\/delinaprej.eu\\\/index.php\\\/2023\\\/01\\\/23\\\/govornik-wef-moramo-oblikovati-novi-svetovni-red\\\/#personImage\",\"url\":\"https:\\\/\\\/secure.gravatar.com\\\/avatar\\\/e942957d6d0ff00cecff9deeea87cd8bf0acc951a0dcc09f9b0955925cc2dfbd?s=96&d=mm&r=g\",\"width\":96,\"height\":96,\"caption\":\"admin\"}},{\"@type\":\"Person\",\"@id\":\"https:\\\/\\\/delinaprej.eu\\\/index.php\\\/author\\\/jakakozmos\\\/#author\",\"url\":\"https:\\\/\\\/delinaprej.eu\\\/index.php\\\/author\\\/jakakozmos\\\/\",\"name\":\"admin\",\"image\":{\"@type\":\"ImageObject\",\"@id\":\"https:\\\/\\\/delinaprej.eu\\\/index.php\\\/2023\\\/01\\\/23\\\/govornik-wef-moramo-oblikovati-novi-svetovni-red\\\/#authorImage\",\"url\":\"https:\\\/\\\/secure.gravatar.com\\\/avatar\\\/e942957d6d0ff00cecff9deeea87cd8bf0acc951a0dcc09f9b0955925cc2dfbd?s=96&d=mm&r=g\",\"width\":96,\"height\":96,\"caption\":\"admin\"}},{\"@type\":\"WebPage\",\"@id\":\"https:\\\/\\\/delinaprej.eu\\\/index.php\\\/2023\\\/01\\\/23\\\/govornik-wef-moramo-oblikovati-novi-svetovni-red\\\/#webpage\",\"url\":\"https:\\\/\\\/delinaprej.eu\\\/index.php\\\/2023\\\/01\\\/23\\\/govornik-wef-moramo-oblikovati-novi-svetovni-red\\\/\",\"name\":\"Govornik WEF: \\u2018Moramo oblikovati\\u2019 \\u2018novi svetovni red\\u2019 \\ud83c\\uddf8\\ud83c\\uddee - Deli Naprej ...\",\"description\":\"Frank Bergman 20. januar 2023 Govornik na letnem sre\\u010danju Svetovnega gospodarskega foruma (WEF) v Davosu v \\u0160vici je udele\\u017eencem dejal, da \\\"moramo oblikovati\\\" \\\"novo svetovno ureditev\\\". Pakistanski minister za zunanje zadeve Bilawal Bhutto Zardari je med govorom na vrhu v \\u010detrtek izrecno izjavil, da je cilj WEF ustvariti \\\"nov svetovni red\\\". Zardari je to dejal,\",\"inLanguage\":\"en-US\",\"isPartOf\":{\"@id\":\"https:\\\/\\\/delinaprej.eu\\\/#website\"},\"breadcrumb\":{\"@id\":\"https:\\\/\\\/delinaprej.eu\\\/index.php\\\/2023\\\/01\\\/23\\\/govornik-wef-moramo-oblikovati-novi-svetovni-red\\\/#breadcrumblist\"},\"author\":{\"@id\":\"https:\\\/\\\/delinaprej.eu\\\/index.php\\\/author\\\/jakakozmos\\\/#author\"},\"creator\":{\"@id\":\"https:\\\/\\\/delinaprej.eu\\\/index.php\\\/author\\\/jakakozmos\\\/#author\"},\"image\":{\"@type\":\"ImageObject\",\"url\":\"https:\\\/\\\/delinaprej.eu\\\/wp-content\\\/uploads\\\/2023\\\/01\\\/bilawal-bhutto-zardari-klaus-schwab-wef-new-world-order-2.jpg\",\"@id\":\"https:\\\/\\\/delinaprej.eu\\\/index.php\\\/2023\\\/01\\\/23\\\/govornik-wef-moramo-oblikovati-novi-svetovni-red\\\/#mainImage\",\"width\":800,\"height\":439},\"primaryImageOfPage\":{\"@id\":\"https:\\\/\\\/delinaprej.eu\\\/index.php\\\/2023\\\/01\\\/23\\\/govornik-wef-moramo-oblikovati-novi-svetovni-red\\\/#mainImage\"},\"datePublished\":\"2023-01-23T21:20:49+01:00\",\"dateModified\":\"2023-01-24T09:24:16+01:00\"},{\"@type\":\"WebSite\",\"@id\":\"https:\\\/\\\/delinaprej.eu\\\/#website\",\"url\":\"https:\\\/\\\/delinaprej.eu\\\/\",\"name\":\"Deli Naprej ...\",\"description\":\"Tukaj so druga mnenja ... ali pa\\u010d ...\",\"inLanguage\":\"en-US\",\"publisher\":{\"@id\":\"https:\\\/\\\/delinaprej.eu\\\/#person\"}}]}\n\t\t<\/script>\n\t\t<!-- All in One SEO -->\n\n","aioseo_head_json":{"title":"Govornik WEF: \u2018Moramo oblikovati\u2019 \u2018novi svetovni red\u2019 \ud83c\uddf8\ud83c\uddee - Deli Naprej ...","description":"Frank Bergman 20. januar 2023 Govornik na letnem sre\u010danju Svetovnega gospodarskega foruma (WEF) v Davosu v \u0160vici je udele\u017eencem dejal, da \"moramo oblikovati\" \"novo svetovno ureditev\". Pakistanski minister za zunanje zadeve Bilawal Bhutto Zardari je med govorom na vrhu v \u010detrtek izrecno izjavil, da je cilj WEF ustvariti \"nov svetovni red\". Zardari je to dejal,","canonical_url":"https:\/\/delinaprej.eu\/index.php\/2023\/01\/23\/govornik-wef-moramo-oblikovati-novi-svetovni-red\/","robots":"max-image-preview:large","keywords":"","webmasterTools":{"miscellaneous":""},"schema":{"@context":"https:\/\/schema.org","@graph":[{"@type":"BlogPosting","@id":"https:\/\/delinaprej.eu\/index.php\/2023\/01\/23\/govornik-wef-moramo-oblikovati-novi-svetovni-red\/#blogposting","name":"Govornik WEF: \u2018Moramo oblikovati\u2019 \u2018novi svetovni red\u2019 \ud83c\uddf8\ud83c\uddee - Deli Naprej ...","headline":"Govornik WEF: &#8216;Moramo oblikovati&#8217; &#8216;novi svetovni red&#8217; \ud83c\uddf8\ud83c\uddee","author":{"@id":"https:\/\/delinaprej.eu\/index.php\/author\/jakakozmos\/#author"},"publisher":{"@id":"https:\/\/delinaprej.eu\/#person"},"image":{"@type":"ImageObject","url":"https:\/\/delinaprej.eu\/wp-content\/uploads\/2023\/01\/bilawal-bhutto-zardari-klaus-schwab-wef-new-world-order-2.jpg","width":800,"height":439},"datePublished":"2023-01-23T21:20:49+01:00","dateModified":"2023-01-24T09:24:16+01:00","inLanguage":"en-US","mainEntityOfPage":{"@id":"https:\/\/delinaprej.eu\/index.php\/2023\/01\/23\/govornik-wef-moramo-oblikovati-novi-svetovni-red\/#webpage"},"isPartOf":{"@id":"https:\/\/delinaprej.eu\/index.php\/2023\/01\/23\/govornik-wef-moramo-oblikovati-novi-svetovni-red\/#webpage"},"articleSection":"Informacije, Politika"},{"@type":"BreadcrumbList","@id":"https:\/\/delinaprej.eu\/index.php\/2023\/01\/23\/govornik-wef-moramo-oblikovati-novi-svetovni-red\/#breadcrumblist","itemListElement":[{"@type":"ListItem","@id":"https:\/\/delinaprej.eu#listItem","position":1,"name":"Home","item":"https:\/\/delinaprej.eu","nextItem":{"@type":"ListItem","@id":"https:\/\/delinaprej.eu\/index.php\/category\/politika\/#listItem","name":"Politika"}},{"@type":"ListItem","@id":"https:\/\/delinaprej.eu\/index.php\/category\/politika\/#listItem","position":2,"name":"Politika","item":"https:\/\/delinaprej.eu\/index.php\/category\/politika\/","nextItem":{"@type":"ListItem","@id":"https:\/\/delinaprej.eu\/index.php\/2023\/01\/23\/govornik-wef-moramo-oblikovati-novi-svetovni-red\/#listItem","name":"Govornik WEF: &#8216;Moramo oblikovati&#8217; &#8216;novi svetovni red&#8217; \ud83c\uddf8\ud83c\uddee"},"previousItem":{"@type":"ListItem","@id":"https:\/\/delinaprej.eu#listItem","name":"Home"}},{"@type":"ListItem","@id":"https:\/\/delinaprej.eu\/index.php\/2023\/01\/23\/govornik-wef-moramo-oblikovati-novi-svetovni-red\/#listItem","position":3,"name":"Govornik WEF: &#8216;Moramo oblikovati&#8217; &#8216;novi svetovni red&#8217; \ud83c\uddf8\ud83c\uddee","previousItem":{"@type":"ListItem","@id":"https:\/\/delinaprej.eu\/index.php\/category\/politika\/#listItem","name":"Politika"}}]},{"@type":"Person","@id":"https:\/\/delinaprej.eu\/#person","name":"admin","image":{"@type":"ImageObject","@id":"https:\/\/delinaprej.eu\/index.php\/2023\/01\/23\/govornik-wef-moramo-oblikovati-novi-svetovni-red\/#personImage","url":"https:\/\/secure.gravatar.com\/avatar\/e942957d6d0ff00cecff9deeea87cd8bf0acc951a0dcc09f9b0955925cc2dfbd?s=96&d=mm&r=g","width":96,"height":96,"caption":"admin"}},{"@type":"Person","@id":"https:\/\/delinaprej.eu\/index.php\/author\/jakakozmos\/#author","url":"https:\/\/delinaprej.eu\/index.php\/author\/jakakozmos\/","name":"admin","image":{"@type":"ImageObject","@id":"https:\/\/delinaprej.eu\/index.php\/2023\/01\/23\/govornik-wef-moramo-oblikovati-novi-svetovni-red\/#authorImage","url":"https:\/\/secure.gravatar.com\/avatar\/e942957d6d0ff00cecff9deeea87cd8bf0acc951a0dcc09f9b0955925cc2dfbd?s=96&d=mm&r=g","width":96,"height":96,"caption":"admin"}},{"@type":"WebPage","@id":"https:\/\/delinaprej.eu\/index.php\/2023\/01\/23\/govornik-wef-moramo-oblikovati-novi-svetovni-red\/#webpage","url":"https:\/\/delinaprej.eu\/index.php\/2023\/01\/23\/govornik-wef-moramo-oblikovati-novi-svetovni-red\/","name":"Govornik WEF: \u2018Moramo oblikovati\u2019 \u2018novi svetovni red\u2019 \ud83c\uddf8\ud83c\uddee - Deli Naprej ...","description":"Frank Bergman 20. januar 2023 Govornik na letnem sre\u010danju Svetovnega gospodarskega foruma (WEF) v Davosu v \u0160vici je udele\u017eencem dejal, da \"moramo oblikovati\" \"novo svetovno ureditev\". Pakistanski minister za zunanje zadeve Bilawal Bhutto Zardari je med govorom na vrhu v \u010detrtek izrecno izjavil, da je cilj WEF ustvariti \"nov svetovni red\". Zardari je to dejal,","inLanguage":"en-US","isPartOf":{"@id":"https:\/\/delinaprej.eu\/#website"},"breadcrumb":{"@id":"https:\/\/delinaprej.eu\/index.php\/2023\/01\/23\/govornik-wef-moramo-oblikovati-novi-svetovni-red\/#breadcrumblist"},"author":{"@id":"https:\/\/delinaprej.eu\/index.php\/author\/jakakozmos\/#author"},"creator":{"@id":"https:\/\/delinaprej.eu\/index.php\/author\/jakakozmos\/#author"},"image":{"@type":"ImageObject","url":"https:\/\/delinaprej.eu\/wp-content\/uploads\/2023\/01\/bilawal-bhutto-zardari-klaus-schwab-wef-new-world-order-2.jpg","@id":"https:\/\/delinaprej.eu\/index.php\/2023\/01\/23\/govornik-wef-moramo-oblikovati-novi-svetovni-red\/#mainImage","width":800,"height":439},"primaryImageOfPage":{"@id":"https:\/\/delinaprej.eu\/index.php\/2023\/01\/23\/govornik-wef-moramo-oblikovati-novi-svetovni-red\/#mainImage"},"datePublished":"2023-01-23T21:20:49+01:00","dateModified":"2023-01-24T09:24:16+01:00"},{"@type":"WebSite","@id":"https:\/\/delinaprej.eu\/#website","url":"https:\/\/delinaprej.eu\/","name":"Deli Naprej ...","description":"Tukaj so druga mnenja ... ali pa\u010d ...","inLanguage":"en-US","publisher":{"@id":"https:\/\/delinaprej.eu\/#person"}}]},"og:locale":"en_US","og:site_name":"Deli Naprej ... - Tukaj so druga mnenja ... ali pa\u010d ...","og:type":"article","og:title":"Govornik WEF: \u2018Moramo oblikovati\u2019 \u2018novi svetovni red\u2019 \ud83c\uddf8\ud83c\uddee - Deli Naprej ...","og:description":"Frank Bergman 20. januar 2023 Govornik na letnem sre\u010danju Svetovnega gospodarskega foruma (WEF) v Davosu v \u0160vici je udele\u017eencem dejal, da &quot;moramo oblikovati&quot; &quot;novo svetovno ureditev&quot;. Pakistanski minister za zunanje zadeve Bilawal Bhutto Zardari je med govorom na vrhu v \u010detrtek izrecno izjavil, da je cilj WEF ustvariti &quot;nov svetovni red&quot;. Zardari je to dejal,","og:url":"https:\/\/delinaprej.eu\/index.php\/2023\/01\/23\/govornik-wef-moramo-oblikovati-novi-svetovni-red\/","og:image":"https:\/\/delinaprej.eu\/wp-content\/uploads\/2023\/01\/bilawal-bhutto-zardari-klaus-schwab-wef-new-world-order-2.jpg","og:image:secure_url":"https:\/\/delinaprej.eu\/wp-content\/uploads\/2023\/01\/bilawal-bhutto-zardari-klaus-schwab-wef-new-world-order-2.jpg","og:image:width":800,"og:image:height":439,"article:published_time":"2023-01-23T20:20:49+00:00","article:modified_time":"2023-01-24T08:24:16+00:00","twitter:card":"summary_large_image","twitter:title":"Govornik WEF: \u2018Moramo oblikovati\u2019 \u2018novi svetovni red\u2019 \ud83c\uddf8\ud83c\uddee - Deli Naprej ...","twitter:description":"Frank Bergman 20. januar 2023 Govornik na letnem sre\u010danju Svetovnega gospodarskega foruma (WEF) v Davosu v \u0160vici je udele\u017eencem dejal, da &quot;moramo oblikovati&quot; &quot;novo svetovno ureditev&quot;. Pakistanski minister za zunanje zadeve Bilawal Bhutto Zardari je med govorom na vrhu v \u010detrtek izrecno izjavil, da je cilj WEF ustvariti &quot;nov svetovni red&quot;. Zardari je to dejal,","twitter:image":"https:\/\/delinaprej.eu\/wp-content\/uploads\/2023\/01\/bilawal-bhutto-zardari-klaus-schwab-wef-new-world-order-2.jpg"},"aioseo_meta_data":{"post_id":"2301","title":null,"description":null,"keywords":null,"keyphrases":null,"primary_term":null,"canonical_url":null,"og_title":null,"og_description":null,"og_object_type":"default","og_image_type":"default","og_image_url":null,"og_image_width":null,"og_image_height":null,"og_image_custom_url":null,"og_image_custom_fields":null,"og_video":null,"og_custom_url":null,"og_article_section":null,"og_article_tags":null,"twitter_use_og":false,"twitter_card":"default","twitter_image_type":"default","twitter_image_url":null,"twitter_image_custom_url":null,"twitter_image_custom_fields":null,"twitter_title":null,"twitter_description":null,"schema":{"blockGraphs":[],"customGraphs":[],"default":{"data":{"Article":[],"Course":[],"Dataset":[],"FAQPage":[],"Movie":[],"Person":[],"Product":[],"ProductReview":[],"Car":[],"Recipe":[],"Service":[],"SoftwareApplication":[],"WebPage":[]},"graphName":"","isEnabled":true},"graphs":[]},"schema_type":"default","schema_type_options":null,"pillar_content":false,"robots_default":true,"robots_noindex":false,"robots_noarchive":false,"robots_nosnippet":false,"robots_nofollow":false,"robots_noimageindex":false,"robots_noodp":false,"robots_notranslate":false,"robots_max_snippet":null,"robots_max_videopreview":null,"robots_max_imagepreview":"large","priority":null,"frequency":null,"local_seo":null,"breadcrumb_settings":null,"limit_modified_date":false,"ai":null,"created":"2024-04-01 13:44:11","updated":"2025-06-22 10:44:26","seo_analyzer_scan_date":null,"focus_keyword":null,"additional_keywords":null,"truseo_locale":null},"aioseo_breadcrumb":"<div class=\"aioseo-breadcrumbs\"><span class=\"aioseo-breadcrumb\">\n\t\t\t<a href=\"https:\/\/delinaprej.eu\" title=\"Home\">Home<\/a>\n\t\t<\/span><span class=\"aioseo-breadcrumb-separator\">&raquo;<\/span><span class=\"aioseo-breadcrumb\">\n\t\t\t<a href=\"https:\/\/delinaprej.eu\/index.php\/category\/politika\/\" title=\"Politika\">Politika<\/a>\n\t\t<\/span><span class=\"aioseo-breadcrumb-separator\">&raquo;<\/span><span class=\"aioseo-breadcrumb\">\n\t\t\tGovornik WEF: \u2018Moramo oblikovati\u2019 \u2018novi svetovni red\u2019 \ud83c\uddf8\ud83c\uddee\n\t\t<\/span><\/div>","aioseo_breadcrumb_json":[{"label":"Home","link":"https:\/\/delinaprej.eu"},{"label":"Politika","link":"https:\/\/delinaprej.eu\/index.php\/category\/politika\/"},{"label":"Govornik WEF: &#8216;Moramo oblikovati&#8217; &#8216;novi svetovni red&#8217; \ud83c\uddf8\ud83c\uddee","link":"https:\/\/delinaprej.eu\/index.php\/2023\/01\/23\/govornik-wef-moramo-oblikovati-novi-svetovni-red\/"}],"_links":{"self":[{"href":"https:\/\/delinaprej.eu\/index.php\/wp-json\/wp\/v2\/posts\/2301","targetHints":{"allow":["GET"]}}],"collection":[{"href":"https:\/\/delinaprej.eu\/index.php\/wp-json\/wp\/v2\/posts"}],"about":[{"href":"https:\/\/delinaprej.eu\/index.php\/wp-json\/wp\/v2\/types\/post"}],"author":[{"embeddable":true,"href":"https:\/\/delinaprej.eu\/index.php\/wp-json\/wp\/v2\/users\/1"}],"replies":[{"embeddable":true,"href":"https:\/\/delinaprej.eu\/index.php\/wp-json\/wp\/v2\/comments?post=2301"}],"version-history":[{"count":7,"href":"https:\/\/delinaprej.eu\/index.php\/wp-json\/wp\/v2\/posts\/2301\/revisions"}],"predecessor-version":[{"id":2306,"href":"https:\/\/delinaprej.eu\/index.php\/wp-json\/wp\/v2\/posts\/2301\/revisions\/2306"}],"wp:featuredmedia":[{"embeddable":true,"href":"https:\/\/delinaprej.eu\/index.php\/wp-json\/wp\/v2\/media\/2304"}],"wp:attachment":[{"href":"https:\/\/delinaprej.eu\/index.php\/wp-json\/wp\/v2\/media?parent=2301"}],"wp:term":[{"taxonomy":"category","embeddable":true,"href":"https:\/\/delinaprej.eu\/index.php\/wp-json\/wp\/v2\/categories?post=2301"},{"taxonomy":"post_tag","embeddable":true,"href":"https:\/\/delinaprej.eu\/index.php\/wp-json\/wp\/v2\/tags?post=2301"}],"curies":[{"name":"wp","href":"https:\/\/api.w.org\/{rel}","templated":true}]}}