{"id":2193,"date":"2023-01-14T12:34:25","date_gmt":"2023-01-14T11:34:25","guid":{"rendered":"https:\/\/delinaprej.eu\/?p=2193"},"modified":"2023-11-08T13:39:21","modified_gmt":"2023-11-08T12:39:21","slug":"dokumenti-vlade-in-pfizerja-razkrivajo-agendo-gatesa-schwaba-za-depopulacijo-cepiva-proti-kovidu-se-uporabljajo-za-mnozicno-smrt-in-nadzor-nad-prebivalstvom","status":"publish","type":"post","link":"https:\/\/delinaprej.eu\/index.php\/2023\/01\/14\/dokumenti-vlade-in-pfizerja-razkrivajo-agendo-gatesa-schwaba-za-depopulacijo-cepiva-proti-kovidu-se-uporabljajo-za-mnozicno-smrt-in-nadzor-nad-prebivalstvom\/","title":{"rendered":"Dokumenti vlade in Pfizerja razkrivajo Agendo Gatesa &#038; Schwaba za depopulacijo: cepiva proti kovidu se uporabljajo za mno\u017ei\u010dno smrt in nadzor nad prebivalstvom \ud83c\uddf8\ud83c\uddee"},"content":{"rendered":"<p>Avtor <a href=\"https:\/\/expose-news.com\/author\/the-expose\/\" rel=\"author\">The Expos\u00e9<\/a> <a href=\"https:\/\/expose-news.com\/2023\/01\/08\/gates-schwab-depopulation-agenda-covid-vaccine-exposed\/\" rel=\"bookmark\">8. januar 2023<\/a><\/p>\n<table style=\"width: 800px; border: 0px;\">\n<tbody>\n<tr>\n<td style=\"border: 0px;\"><strong>\u010ce bi poskusno cepivo po\u0161kodovalo srce in imunski sistem pri znatnem \u0161tevilu posameznikov, ki so ga prejeli, je mo\u017eno, da bi to lahko vodilo v upad celotne populacije.<\/strong><strong>To se lahko zgodi zaradi ve\u010d razlogov.<\/strong><\/p>\n<ul>\n<li><span style=\"vertical-align: inherit;\"><span style=\"vertical-align: inherit;\">Prvi\u010d, po\u0161kodbe srca bi lahko povzro\u010dile pove\u010danje sr\u010dno-\u017eilnih bolezni, ki so glavni vzrok umrljivosti po vsem svetu. <\/span><span style=\"vertical-align: inherit;\">To bi lahko povzro\u010dilo ve\u010dje \u0161tevilo smrti med posamezniki, ki so prejeli cepivo.<\/span><\/span><\/li>\n<li><span style=\"vertical-align: inherit;\">Drugi\u010d, po\u0161kodba imunskega sistema bi lahko naredila posameznike bolj dovzetne za druge oku\u017ebe in bolezni, kar bi lahko prispevalo tudi k pove\u010danju umrljivosti.<\/span><\/li>\n<li><span style=\"vertical-align: inherit;\">Nazadnje, vendar nikakor ne kot zadnje, negativni vplivi cepiva na plodnost in reproduktivno zdravje bi lahko privedli do zmanj\u0161anja \u0161tevila rojstev, kar bi dodatno prispevalo k zmanj\u0161anju celotne velikosti prebivalstva.<\/span><\/li>\n<\/ul>\n<p><strong>\u010ce bi tak\u0161no cepivo razvili in razdelili, bi to lahko vodilo do depopulacije zaradi pove\u010dane umrljivosti in zmanj\u0161ane rodnosti.<\/strong><\/p>\n<p><strong>Na \u017ealost se je svet zna\u0161el v polo\u017eaju, ko so mo\u010dne institucije in vlade prisilile milijone ljudi, da so dobili eksperimentalno cepivo proti Covidu-19, ki povzro\u010da vse zgoraj omenjene nesre\u010dne stvari.<\/strong><\/p>\n<p><strong>Uradna poro\u010dila vlade in zaupni dokumenti Pfizerja to dokazujejo.<\/strong><\/p>\n<p><strong>Tako ste pri\u010da mno\u017ei\u010dni depopulaciji, ki se odvija pred va\u0161imi o\u010dmi.<\/strong><\/p>\n<p><strong>Pri prizadevanju za mno\u017ei\u010dno cepljenje proti Covidu-19 ne gre za boj proti virusu, temve\u010d za zmanj\u0161anje svetovne populacije.<\/strong><\/p>\n<p><strong>Ta cilj se ujema z interesi nekaterih mo\u010dnih korporacij in posameznikov, ki imajo koristi od manj\u0161ega, bolj obvladljivega prebivalstva.<\/strong><br \/>\n<img loading=\"lazy\" decoding=\"async\" class=\"alignnone wp-image-2195\" src=\"https:\/\/delinaprej.eu\/wp-content\/uploads\/2023\/01\/SchwabGates-300x107.webp\" alt=\"\" width=\"640\" height=\"228\" srcset=\"https:\/\/delinaprej.eu\/wp-content\/uploads\/2023\/01\/SchwabGates-300x107.webp 300w, https:\/\/delinaprej.eu\/wp-content\/uploads\/2023\/01\/SchwabGates.webp 768w\" sizes=\"auto, (max-width: 640px) 100vw, 640px\" \/><\/p>\n<p><span style=\"vertical-align: inherit;\">Ne glede na specifi\u010dni vzrok so posledice tega, kar se trenutno dogaja v resni\u010dnem svetu, pomembne.<\/span><\/p>\n<h4>Milijoni so &#8216;nenadoma umrli&#8217;<\/h4>\n<p><span style=\"text-decoration-line: underline;\"><a href=\"https:\/\/stats.oecd.org\/index.aspx?queryid=104676\" target=\"_blank\" rel=\"noreferrer noopener\"><span style=\"vertical-align: inherit;\">Ali ste vedeli, da je na spletni strani Organizacije za gospodarsko sodelovanje in razvoj (OECD)<\/span><\/a><\/span><span style=\"vertical-align: inherit;\"><span style=\"vertical-align: inherit;\"> mogo\u010de najti podatke o prese\u017enih smrtih v 15 % dr\u017eav sveta<\/span><span style=\"vertical-align: inherit;\">?<\/span><\/span><\/p>\n<p><span style=\"vertical-align: inherit;\">To vklju\u010duje velike dr\u017eave, kot so ZDA, Kanada in Zdru\u017eeno kraljestvo.<\/span><\/p>\n<p><span style=\"text-decoration-line: underline;\"><a href=\"https:\/\/www.euromomo.eu\/graphs-and-maps\/\" target=\"_blank\" rel=\"noreferrer noopener\"><span style=\"vertical-align: inherit;\">Poleg tega smo iz EuroMOMO<\/span><\/a><\/span><span style=\"vertical-align: inherit;\"><span style=\"vertical-align: inherit;\"> lahko pridobili \u0161e ve\u010d posodobljenih podatkov o 28 evropskih dr\u017eavah <\/span><span style=\"vertical-align: inherit;\">.<\/span><\/span><\/p>\n<p><span style=\"vertical-align: inherit;\">Vse te informacije so <\/span><span style=\"text-decoration-line: underline;\"><a href=\"https:\/\/stats.oecd.org\/index.aspx?queryid=104676\" target=\"_blank\" rel=\"noreferrer noopener\"><span style=\"vertical-align: inherit;\">OECD<\/span><\/a><\/span><span style=\"vertical-align: inherit;\"> in <\/span><span style=\"text-decoration-line: underline;\"><a href=\"https:\/\/www.euromomo.eu\/graphs-and-maps\/\" target=\"_blank\" rel=\"noreferrer noopener\"><span style=\"vertical-align: inherit;\">EuroMOMO<\/span><\/a><\/span><span style=\"vertical-align: inherit;\"> posredovale vladne organizacije vsake dr\u017eave, kot sta Center za nadzor bolezni v ZDA in Urad za nacionalno statistiko v Zdru\u017eenem kraljestvu.<\/span><\/p>\n<p><span style=\"vertical-align: inherit;\">Naslednja tabela prikazuje zaskrbljujo\u010d trend \u010dezmernih smrti v dr\u017eavah &#8220;petih o\u010di&#8221; (Avstralija, Kanada, Nova Zelandija, Zdru\u017eeno kraljestvo in ZDA), pa tudi v 27 drugih evropskih dr\u017eavah \u2013<\/span><br \/>\n<a href=\"https:\/\/srb.delinaprej.eu\/wp\/wp-content\/uploads\/2023\/01\/image-46.webp\" target=\"_blank\" rel=\"noopener\"><img decoding=\"async\" class=\"alignnone\" src=\"https:\/\/srb.delinaprej.eu\/wp\/wp-content\/uploads\/2023\/01\/image-46.webp\" alt=\"\" width=\"600\" \/><\/a><br \/>\n<span style=\"vertical-align: inherit;\">Ali se zavedate osupljivega \u0161tevila smrtnih \u017ertev, ki so se v zadnjih letih zgodile v ZDA in Evropi?<\/span><\/p>\n<p><span style=\"vertical-align: inherit;\">Leta 2021 je bilo v ZDA skoraj 700.000 prese\u017enih smrti, do 11. novembra 2022 pa \u0161e 360.000 prese\u017enih smrti.<\/span><\/p>\n<p><span style=\"vertical-align: inherit;\">Evropa je imela leta 2021 podobno zaskrbljujo\u010dih 382.000 prese\u017enih smrti, do novembra 2022 pa 309.000 prese\u017enih smrti.<\/span><\/p>\n<p><span style=\"vertical-align: inherit;\">In te \u0161tevilke ne vklju\u010dujejo niti Ukrajine!<\/span><\/p>\n<p><span style=\"vertical-align: inherit;\">\u0160okantno je, da so celo dr\u017eave, kot so Nova Zelandija, Avstralija in Kanada, zabele\u017eile prese\u017ene smrti, ki se od uvedbe cepiva proti Covidu-19 niso zmanj\u0161ale.<\/span><\/p>\n<p><span style=\"vertical-align: inherit;\">Naslednji grafikon prikazuje zaskrbljujo\u010d trend skupnega pove\u010danja smrti v Avstraliji v letih 2020, 2021 in do 30. tedna leta 2022 \u2013<\/span><br \/>\n<a href=\"https:\/\/srb.delinaprej.eu\/wp\/wp-content\/uploads\/2023\/01\/image-47.webp\" target=\"_blank\" rel=\"noopener\"><img decoding=\"async\" class=\"alignnone\" src=\"https:\/\/srb.delinaprej.eu\/wp\/wp-content\/uploads\/2023\/01\/image-47.webp\" alt=\"\" width=\"600\" \/><\/a><br \/>\n<span style=\"vertical-align: inherit;\">Ali ste vedeli, da je uvedba cepiva proti Covidu-19 v Avstraliji privedla do \u0161okantnega 747-odstotnega pove\u010danja prese\u017enih smrti, s 1.303 v letu 2020 na 11.042 v letu 2021?<\/span><\/p>\n<p><span style=\"vertical-align: inherit;\">In od takrat se je stanje samo \u0161e poslab\u0161alo.<\/span><\/p>\n<p><span style=\"vertical-align: inherit;\">Do konca julija 2022 je bilo v Avstraliji prese\u017eek 18.973 smrti \u2013 kar je 1.356 % ve\u010d kot leta 2020.<\/span><\/p>\n<p><span style=\"vertical-align: inherit;\">To je ve\u010d prese\u017enih smrti v 7 mesecih kot v prej\u0161njih dveh letih skupaj.<\/span><\/p>\n<p><span style=\"vertical-align: inherit;\">In razmere v ZDA so podobno alarmantne \u2013<\/span><br \/>\n<a href=\"https:\/\/srb.delinaprej.eu\/wp\/wp-content\/uploads\/2023\/01\/image-48.webp\" target=\"_blank\" rel=\"noopener\"><img decoding=\"async\" class=\"alignnone\" src=\"https:\/\/srb.delinaprej.eu\/wp\/wp-content\/uploads\/2023\/01\/image-48.webp\" alt=\"\" width=\"600\" \/><\/a><br \/>\n<span style=\"vertical-align: inherit;\">Ali se zavedate zaskrbljujo\u010dega trenda prese\u017enih smrti v ZDA po uvedbi cepiva proti Covid-19?<\/span><\/p>\n<p><span style=\"vertical-align: inherit;\">Do 38. tedna leta 2022 je umrlo 1700 ljudi ve\u010d kot v istem \u010dasu leta 2020, do 38. tedna leta 2021 pa je umrlo \u0161okantnih 109.000 ljudi ve\u010d kot v istem \u010dasu leta 2020.<\/span><\/p>\n<p><span style=\"vertical-align: inherit;\">Te \u0161tevilke ka\u017eejo, da se je smrtnost po uvedbi cepiva dejansko pove\u010dala, namesto da bi se zmanj\u0161ala.<\/span><\/p>\n<p><span style=\"vertical-align: inherit;\">Naslednja dva grafikona prikazujeta skupni prese\u017eek smrti v \u00bbpetih o\u010deh\u00ab in Evropi od za\u010detka leta 2021, ko je bilo uvedeno cepivo proti Covidu-19 \u2013<\/span><\/p>\n<p><a href=\"https:\/\/srb.delinaprej.eu\/wp\/wp-content\/uploads\/2023\/01\/image-49a.webp\" target=\"_blank\" rel=\"noopener\"><img decoding=\"async\" class=\"alignnone\" src=\"https:\/\/srb.delinaprej.eu\/wp\/wp-content\/uploads\/2023\/01\/image-49a.webp\" alt=\"\" width=\"600\" \/><\/a><\/p>\n<p><a href=\"https:\/\/srb.delinaprej.eu\/wp\/wp-content\/uploads\/2023\/01\/image-50a.webp\" target=\"_blank\" rel=\"noopener\"><img decoding=\"async\" class=\"alignnone\" src=\"https:\/\/srb.delinaprej.eu\/wp\/wp-content\/uploads\/2023\/01\/image-50a.webp\" alt=\"\" width=\"600\" \/><\/a><br \/>\nAli ste vedeli, da se je od uvedbe cepiva proti Covidu-19 v \u00bbpetih o\u010deh\u00ab in ve\u010dini Evrope zgodilo ve\u010d kot 1,8 milijona prese\u017enih smrti?<\/p>\n<p><span style=\"vertical-align: inherit;\">Ta \u0161okantna \u0161tevilka vklju\u010duje ve\u010d kot 1 milijon prese\u017enih smrti v ZDA in ve\u010d kot 690.000 prese\u017enih smrti v Evropi po podatkih centrov za nadzor bolezni in Organizacije za gospodarsko sodelovanje in razvoj, kot tudi znatno \u0161tevilo prese\u017enih smrti v Avstraliji, Kanadi, in Nova Zelandija.<\/span><\/p>\n<p><span style=\"vertical-align: inherit;\">Uradna pripoved, da je cepivo varno in u\u010dinkovito ter da bi zmanj\u0161alo \u0161tevilo smrti, je popolnoma v nasprotju s temi \u0161tevilkami, ki ka\u017eejo, da so cepiva proti Covidu-19 morda glavni vzrok prese\u017enih smrti.<\/span><\/p>\n<h4>Otroci\/najstniki in mladi odrasli so &#8216;nenadoma umrli&#8217;<\/h4>\n<p><span style=\"vertical-align: inherit;\">Ali ste vedeli, da je prese\u017ena smrtnost otrok, starih od 0 do 14 let, v Evropi po uradnih podatkih med januarjem in septembrom 2022 skokovito narasla za neverjetnih 755 %?<\/span><\/p>\n<p><span style=\"vertical-align: inherit;\">Do tega zaskrbljujo\u010dega pove\u010danja, zaradi katerega je Evropska unija spro\u017eila preiskavo, je pri\u0161lo kljub prizadevanjem <\/span><span style=\"text-decoration-line: underline;\"><a href=\"https:\/\/www.euromomo.eu\/graphs-and-maps\" target=\"_blank\" rel=\"noreferrer noopener\"><span style=\"vertical-align: inherit;\">EuroMOMO<\/span><\/a><\/span><span style=\"vertical-align: inherit;\">, da bi zmanj\u0161al vrednost \u0161tevilk.<\/span><\/p>\n<p><span style=\"vertical-align: inherit;\">Omeniti velja, da je Evropska agencija za zdravila 28. maja 2021 odobrila cepivo Pfizer Covid-19 za uporabo pri otrocih. To je bil 21. teden leta 2021.<\/span><\/p>\n<div><a href=\"https:\/\/srb.delinaprej.eu\/wp\/wp-content\/uploads\/2023\/01\/image-51a.webp\" target=\"_blank\" rel=\"noopener\"><img loading=\"lazy\" decoding=\"async\" class=\"alignnone\" src=\"https:\/\/srb.delinaprej.eu\/wp\/wp-content\/uploads\/2023\/01\/image-51a.webp\" alt=\"\" width=\"640\" height=\"240\" \/><\/a><br \/>\n<em><a href=\"https:\/\/www.ema.europa.eu\/en\/news\/comirnaty-covid-19-vaccine-ema-recommends-approval-children-aged-5-11\" target=\"_blank\" rel=\"noreferrer noopener\"><span style=\"vertical-align: inherit;\">Vir<\/span><\/a><\/em><\/div>\n<p><span style=\"vertical-align: inherit;\">Nato so se od 22. tedna, ko je bilo izdano dovoljenje za uporabo v nujnih primerih, za\u010dele \u00bb\u010disto po naklju\u010dju\u00ab <\/span><span style=\"vertical-align: inherit;\">bele\u017eiti prese\u017ene smrti<\/span><span style=\"vertical-align: inherit;\">.<\/span><br \/>\n<a href=\"https:\/\/srb.delinaprej.eu\/wp\/wp-content\/uploads\/2023\/01\/image-52a.webp\" target=\"_blank\" rel=\"noopener\"><img loading=\"lazy\" decoding=\"async\" class=\"alignnone\" src=\"https:\/\/srb.delinaprej.eu\/wp\/wp-content\/uploads\/2023\/01\/image-52a.webp\" alt=\"\" width=\"640\" height=\"240\" \/><\/a><br \/>\n<span style=\"vertical-align: inherit;\">Na splo\u0161no se je prese\u017ena smrtnost pove\u010dala za 630 % od odobritve cepiva za uporabo pri otrocih do septembra 2022.<\/span><\/p>\n<div><a href=\"https:\/\/srb.delinaprej.eu\/wp\/wp-content\/uploads\/2023\/01\/image-53a.webp\" target=\"_blank\" rel=\"noopener\"><img loading=\"lazy\" decoding=\"async\" class=\"alignnone\" src=\"https:\/\/srb.delinaprej.eu\/wp\/wp-content\/uploads\/2023\/01\/image-53a.webp\" alt=\"\" width=\"600\" height=\"460\" \/><\/a><\/div>\n<p><span style=\"vertical-align: inherit;\">\u017dalostna resni\u010dnost je, da je kljub vedno ve\u010djemu \u0161tevilu dokazov, ki ka\u017eejo na jasno nevarnost cepljenja proti Covidu-19 za otroke, zelo malo verjetno, da bodo oblasti priznale to tveganje.<\/span><\/p>\n<p><span style=\"vertical-align: inherit;\">Tragi\u010dno je, da bo znatno pove\u010danje \u010dezmernih smrti med otroki v Evropi, odkar je Evropska agencija za zdravila v nujnih primerih odobrila cepivo za uporabo pri tej populaciji, verjetno zavrnjeno kot le \u0161e eno &#8220;naklju\u010dje&#8221; na dolgem seznamu tak\u0161nih dogodkov od za\u010detka pandemije. .<\/span><\/p>\n<p><span style=\"vertical-align: inherit;\">Klju\u010dnega pomena je, da \u0161e naprej pregledujemo in natan\u010dno analiziramo podatke, da zagotovimo za\u0161\u010dito zdravja in dobrega po\u010dutja na\u0161ih otrok.<\/span><\/p>\n<p><span style=\"vertical-align: inherit;\">Ali ste tudi vedeli, da je po <\/span><span style=\"text-decoration-line: underline;\"><a href=\"https:\/\/stats.oecd.org\/index.aspx?queryid%3D104676\" target=\"_blank\" rel=\"noreferrer noopener\"><span style=\"vertical-align: inherit;\">uradnih podatkih, ki jih je potiho objavil ameri\u0161ki center za nadzor bolezni (CDC)<\/span><\/a><\/span><span style=\"vertical-align: inherit;\">, do 9. oktobra 2022 v ZDA umrlo skoraj pol milijona otrok in mladih odraslih, odkar je Uprava za hrano in zdravila prvi\u010d izdala dovoljenje za nujno uporabo za cepivo proti Covidu-19?<\/span><\/p>\n<div><a href=\"https:\/\/srb.delinaprej.eu\/wp\/wp-content\/uploads\/2023\/01\/image-54a.webp\" target=\"_blank\" rel=\"noopener\"><img loading=\"lazy\" decoding=\"async\" class=\"alignnone\" src=\"https:\/\/srb.delinaprej.eu\/wp\/wp-content\/uploads\/2023\/01\/image-54a.webp\" alt=\"\" width=\"600\" height=\"460\" \/><\/a><\/div>\n<p><span style=\"vertical-align: inherit;\">Ta srh parajo\u010d razvoj je povzro\u010dil skoraj 118.000 smrti ve\u010d kot v povpre\u010dju 2015\u20132019.<\/span><\/p>\n<p><span style=\"vertical-align: inherit;\">\u0160tevilke tudi razkrivajo <\/span><span style=\"text-decoration-line: underline;\"><a href=\"https:\/\/stats.oecd.org\/index.aspx?queryid%3D104676\"><span style=\"vertical-align: inherit;\">,<\/span><\/a><\/span><span style=\"vertical-align: inherit;\"> da je bilo v letu 2022 do zdaj 7.680 ve\u010d smrti med otroki in mladimi odraslimi v primerjavi z istim \u010dasovnim okvirom leta 2020, na vrhuncu domnevne pandemije Covid-19.<\/span><\/p>\n<p><span style=\"vertical-align: inherit;\">Vendar pa je bilo leto 2021 najslab\u0161e leto za smrt med osebami, starimi od 0 do 44 let, s skupno 291.461 prese\u017enimi smrtnimi primeri, kar je skoraj 60.000 ve\u010d kot leta 2020.<\/span><\/p>\n<p><span style=\"vertical-align: inherit;\">Po uradnih podatkih CDC je bilo to pove\u010danje predvsem posledica skrivnostnega nenadnega porasta smrti med otroki in mlaj\u0161imi odraslimi, ki se je za\u010del okoli 31. tedna leta 2021.<\/span><\/p>\n<div><a href=\"https:\/\/srb.delinaprej.eu\/wp\/wp-content\/uploads\/2023\/01\/image-57a.webp\" target=\"_blank\" rel=\"noopener\"><img loading=\"lazy\" decoding=\"async\" class=\"alignnone\" src=\"https:\/\/srb.delinaprej.eu\/wp\/wp-content\/uploads\/2023\/01\/image-57a.webp\" alt=\"\" width=\"600\" height=\"397\" \/><\/a><\/div>\n<p><span style=\"vertical-align: inherit;\">Srce parajo\u010da resni\u010dnost je, da je od 51. tedna leta 2020 umrlo skoraj pol milijona ljudi, starih od 0 do 44 let, kar je povzro\u010dilo osupljivih 117.719 smrti ve\u010d kot v petletnem povpre\u010dju 2015\u20132019.<\/span><\/p>\n<p><span style=\"vertical-align: inherit;\">Po uradnih podatkih je bila leta 2020 povpre\u010dna pri\u010dakovana \u017eivljenjska doba v ZDA 77,28 let.<\/span><\/p>\n<p><span style=\"vertical-align: inherit;\">\u010ce verjamemo uradni naraciji, da je Covid-19 smrtonosna bolezen, potem je morda razumljivo, da je leta 2020 umrlo 231.987 otrok in mladostnikov do 44. leta starosti, kar je povzro\u010dilo 40.365 prese\u017enih smrti kot nesre\u010dne posledice te domnevne bolezni. .<\/span><\/p>\n<p><span style=\"vertical-align: inherit;\">Vendar, \u010de naj sprejmemo uradno pripoved, da so cepiva proti Covidu-19 varna in u\u010dinkovita, kako naj razlo\u017eimo nadaljnji porast smrti med otroki in mlaj\u0161imi odraslimi v letih 2021 in 2022?<\/span><\/p>\n<p><span style=\"vertical-align: inherit;\">Treba je omeniti, da so bili milijoni Ameri\u010danov prisiljeni dobiti cepiva, milijoni star\u0161ev pa so bili na podoben na\u010din prisiljeni prisiliti svoje otroke, da prejmejo injekcije.<\/span><\/p>\n<p><span style=\"vertical-align: inherit;\">Odgovor je jasen: <\/span><strong>uradna pripoved je o\u010ditna la\u017e. <\/strong><span style=\"vertical-align: inherit;\">Cepiva proti Covidu-19 niso niti varna niti u\u010dinkovita.<\/span><\/p>\n<p><span style=\"vertical-align: inherit;\">Te\u017eko dostopni podatki, ki jih je zagotovil CDC, le <\/span><em>namigujejo<\/em><span style=\"vertical-align: inherit;\"> na ta zaskrbljujo\u010d trend smrti mladih Ameri\u010danov, vendar dodatni podatki, ki jih je objavila vlada Zdru\u017eenega kraljestva, to <\/span><em>potrjujejo<\/em><span style=\"vertical-align: inherit;\"> .<\/span><\/p>\n<p><span style=\"vertical-align: inherit;\">Na primer, poro\u010dilo, ki ga je 6. julija 2022 objavil Urad za nacionalno statistiko Zdru\u017eenega kraljestva, vladna agencija, ponuja dodatne dokaze o nevarnosti teh cepiv.<\/span><\/p>\n<p><span style=\"vertical-align: inherit;\">Poro\u010dilo je naslovljeno &#8216;<\/span><em><a href=\"https:\/\/www.ons.gov.uk\/file?uri%3D\/peoplepopulationandcommunity\/birthsdeathsandmarriages\/deaths\/datasets\/deathsbyvaccinationstatusengland\/deathsoccurringbetween1january2021and31may2022\/referencetable06072022accessible.xlsx\" target=\"_blank\" rel=\"noreferrer noopener\"><span style=\"text-decoration-line: underline;\"><span style=\"vertical-align: inherit;\">Smrti glede na status cepljenja, Anglija, 1. januar 2021 do 31. maj 2022<\/span><\/span><\/a><\/em><span style=\"vertical-align: inherit;\"> &#8216;, do njega lahko dostopate na spletnem mestu ONS <\/span><a href=\"https:\/\/www.ons.gov.uk\/peoplepopulationandcommunity\/birthsdeathsandmarriages\/deaths\/datasets\/deathsbyvaccinationstatusengland\" target=\"_blank\" rel=\"noreferrer noopener\"><strong><span style=\"text-decoration-line: underline;\"><span style=\"vertical-align: inherit;\">tukaj<\/span><\/span><\/strong><\/a><span style=\"vertical-align: inherit;\"> in ga prenesete <\/span><strong><a href=\"https:\/\/www.ons.gov.uk\/file?uri%3D\/peoplepopulationandcommunity\/birthsdeathsandmarriages\/deaths\/datasets\/deathsbyvaccinationstatusengland\/deathsoccurringbetween1january2021and31may2022\/referencetable06072022accessible.xlsx\" target=\"_blank\" rel=\"noreferrer noopener\"><span style=\"text-decoration-line: underline;\"><span style=\"vertical-align: inherit;\">tukaj<\/span><\/span><\/a><\/strong><span style=\"vertical-align: inherit;\">.<\/span><\/p>\n<p><span style=\"vertical-align: inherit;\">Ste videli tabelo 2 poro\u010dila Urada Zdru\u017eenega kraljestva za dr\u017eavno statistiko, ki vsebuje mese\u010dne starostno standardizirane stopnje umrljivosti po statusu cepljenja po starostni skupini za smrti na 100.000 oseb-let v Angliji do maja 2022?<\/span><\/p>\n<p><span style=\"vertical-align: inherit;\">\u010ce ne, si morate ogledati, saj so \u0161tevilke, ki jih vsebuje, resni\u010dno mote\u010de.<\/span><\/p>\n<p><span style=\"vertical-align: inherit;\">Vzeli smo podatke, ki jih je zagotovil ONS za obdobje od januarja do maja 2022, in ustvarili naslednjo tabelo, ki ponazarja uni\u010dujo\u010de posledice kampanje mno\u017ei\u010dnega cepljenja proti Covid-19.<\/span><\/p>\n<p><span style=\"vertical-align: inherit;\">Grafikon prikazuje mese\u010dne starostno standardizirane stopnje umrljivosti glede na status cepljenja med 18 do 39-letniki zaradi smrti, ki niso povezane s Covidom-19, v Angliji med januarjem in majem 2022.<\/span><\/p>\n<p><span style=\"vertical-align: inherit;\">Iz teh podatkov je jasno, da tveganj, povezanih s temi cepivi, ni mogo\u010de prezreti.<\/span><\/p>\n<div><a href=\"https:\/\/srb.delinaprej.eu\/wp\/wp-content\/uploads\/2023\/01\/image-58a.webp\" target=\"_blank\" rel=\"noopener\"><img loading=\"lazy\" decoding=\"async\" class=\"alignnone\" src=\"https:\/\/srb.delinaprej.eu\/wp\/wp-content\/uploads\/2023\/01\/image-58a.webp\" alt=\"\" width=\"599\" height=\"464\" \/><\/a><br \/>\n<em><a href=\"https:\/\/expose-news.com\/2022\/08\/09\/mortality-rates-lowest-among-unvacinated\/\" target=\"_blank\" rel=\"noreferrer noopener\"><span style=\"vertical-align: inherit;\">Vir<\/span><\/a><\/em><\/div>\n<p><span style=\"vertical-align: inherit;\">To je zaskrbljujo\u010d trend: v vsakem posameznem mesecu od za\u010detka leta 2022 je bilo pri delno cepljenih in dvakrat cepljenih 18\u201339-letnikih ve\u010dja verjetnost smrti kot pri necepljenih 18\u201339-letnikih. <\/span><\/p>\n<p><span style=\"vertical-align: inherit;\">Razmere so bile \u0161e posebej hude za trikrat cepljene osebe, stare od 18 do 39 let, katerih umrljivost se je od mno\u017ei\u010dne kampanje Booster, ki je potekala v Zdru\u017eenem kraljestvu decembra 2021, iz meseca v mesec poslab\u0161ala.<\/span><\/p>\n<p><span style=\"vertical-align: inherit;\">Trikrat cepljeni, stari od 18 do 39 let, so imeli januarja nekoliko manj\u0161o verjetnost umrljivosti kot necepljeni posamezniki v tej starostni skupini, z umrljivostjo med necepljenimi 29,8 na 100.000 in med trikrat cepljenimi 28,1 na 100.000.<\/span><\/p>\n<p><span style=\"vertical-align: inherit;\">Vendar pa je bilo od februarja naprej za trikrat cepljene ljudi, stari od 18 do 39 let, 27 % bolj verjetno, da bodo umrli kot necepljeni posamezniki, s stopnjo umrljivosti 26,7 na 100 tiso\u010d med trikrat cepljenimi in 21 na 100 tiso\u010d med necepljenimi.<\/span><\/p>\n<p><span style=\"vertical-align: inherit;\">Razmere so se do maja 2022 \u0161e poslab\u0161ale, pri trikrat cepljenih od 18 do 39 let je bila verjetnost smrti za 52 % ve\u010dja kot pri necepljenih posameznikih v tej starostni skupini, s stopnjo umrljivosti 21,4 na 100 tiso\u010d med trikrat cepljenimi in 14,1 med necepljenimi. .<\/span><\/p>\n<p><span style=\"vertical-align: inherit;\">Slabo so se odrezali tudi delno cepljeni, pri \u010demer je maja pri delno cepljenih osebah, starih od 18 do 39 let, obstajala 202 % ve\u010dja verjetnost smrti kot pri necepljenih posameznikih v tej starostni skupini.<\/span><\/p>\n<p><span style=\"vertical-align: inherit;\">Poro\u010dilo britanskega urada za nacionalno statistiko vklju\u010duje tudi stopnjo umrljivosti otrok, \u010deprav je vlada Zdru\u017eenega kraljestva te podatke posku\u0161ala prikriti.<\/span><\/p>\n<p><span style=\"vertical-align: inherit;\">Naslednja tabela prikazuje stopnje umrljivosti glede na status cepljenja na 100.000 oseb-let med otroki, starimi od 10 do 14 let, v Angliji za obdobje od 1. januarja 2021 do 31. maja 2022 \u2013<\/span><\/p>\n<div><a href=\"https:\/\/srb.delinaprej.eu\/wp\/wp-content\/uploads\/2023\/01\/image-59a.webp\"><img loading=\"lazy\" decoding=\"async\" class=\"alignnone \" src=\"https:\/\/srb.delinaprej.eu\/wp\/wp-content\/uploads\/2023\/01\/image-59a.webp\" width=\"600\" height=\"416\" \/><\/a><br \/>\n<em><a href=\"https:\/\/expose-news.com\/2022\/08\/06\/dsitracted-boris-covid-vaccination-kills-children\/\" target=\"_blank\" rel=\"noreferrer noopener\"><span style=\"vertical-align: inherit;\">Vir<\/span><\/a><\/em><\/div>\n<p><span style=\"vertical-align: inherit;\">Po podatkih Urada Zdru\u017eenega kraljestva za nacionalno statistiko je stopnja umrljivosti zaradi Covida-19 med necepljenimi otroki, starimi od 10 do 14 let, 0,31 na 100.000 osebo-let.<\/span><\/p>\n<p><span style=\"vertical-align: inherit;\">Vendar pa je stopnja umrljivosti pri otrocih, cepljenih z enim odmerkom, 3,24 na 100.000 osebo-let, pri trojno cepljenih otrocih pa je stopnja umrljivosti zaskrbljujo\u010dih 41,29 na 100.000 oseb-let.<\/span><\/p>\n<p><span style=\"vertical-align: inherit;\"><span style=\"vertical-align: inherit;\">Razmere niso ni\u010d bolj\u0161e, ko gre za smrti, ki niso posledica Covida-19. <\/span><span style=\"vertical-align: inherit;\">Stopnja umrljivosti zaradi vseh vzrokov je 6,39 na 100.000 oseb-let med necepljenimi otroki in nekoliko vi\u0161ja pri 6,48 med delno cepljenimi otroki.<\/span><\/span><\/p>\n<p><span style=\"vertical-align: inherit;\">Vendar se stopnja poslab\u0161a z vsako dodatno injekcijo: stopnja umrljivosti zaradi vseh vzrokov je 97,28 med dvojno cepljenimi otroki in zaskrbljujo\u010dih 289,02 na 100.000 osebo-let med trikrat cepljenimi otroki.<\/span><\/p>\n<p><span style=\"vertical-align: inherit;\">To pomeni, da je po lastnih uradnih podatkih vlade Zdru\u017eenega kraljestva, za dvojno cepljene otroke 1.422 % ali 15,22-krat bolj verjetno, da bodo umrli zaradi katerega koli vzroka, kot necepljeni otroci, medtem ko je za trojno cepljene otroke 4.423 % ali 45,23-krat bolj verjetno, da bodo umrli zaradi katerega koli vzroka kot necepljeni otroci.<\/span><\/p>\n<p><span style=\"vertical-align: inherit;\">Podatki Urada za dr\u017eavno statistiko, ki so standardizirani glede na starost in stopnje na 100.000 prebivalcev, so dokon\u010den dokaz, da cepiva proti Covidu-19 pove\u010dajo tveganje za smrt osebe.<\/span><\/p>\n<p><span style=\"vertical-align: inherit;\">Zato ni presenetljivo, \u010de izvemo, da tajno poro\u010dilo CDC potrjuje, da je po uvedbi cepiva proti Covidu-19 umrlo skoraj pol milijona ameri\u0161kih otrok in mladih odraslih, kar je povzro\u010dilo skoraj 118.000 smrti ve\u010d kot petletno povpre\u010dje 2015\u20132019. .<\/span><\/p>\n<div><a href=\"https:\/\/srb.delinaprej.eu\/wp\/wp-content\/uploads\/2023\/01\/image-60.webp\" target=\"_blank\" rel=\"noopener\"><img loading=\"lazy\" decoding=\"async\" class=\"alignnone\" src=\"https:\/\/srb.delinaprej.eu\/wp\/wp-content\/uploads\/2023\/01\/image-60.webp\" alt=\"\" width=\"600\" height=\"432\" \/><\/a><\/div>\n<h4>Imate samo eno srce in ne bo se obnovilo<\/h4>\n<p><span style=\"vertical-align: inherit;\"><span style=\"vertical-align: inherit;\">Morebitne posledice cepiva proti COVID-19, ki \u0161koduje srcu, so grozljive. <\/span><span style=\"vertical-align: inherit;\">\u010ce bi tak\u0161no cepivo \u0161iroko razdelili in dali znatnemu delu prebivalstva, bi lahko povzro\u010dilo milijone nenadnih smrti.<\/span><\/span><\/p>\n<p><span style=\"vertical-align: inherit;\">Srce je vitalni organ, ki igra klju\u010dno vlogo pri ohranjanju pravilnega delovanja telesa, zato imajo lahko kakr\u0161ni koli \u0161kodljivi u\u010dinki nanj katastrofalne posledice.<\/span><\/p>\n<p><span style=\"vertical-align: inherit;\">Na \u017ealost vsaj dve cepivi proti Covidu-19, ki ju proizvajata Pfizer in Moderna, naredita natanko to in ju je zdaj ve\u010dkrat dobilo na milijone ljudi, in verjetno sta ti cepivi odgovorni za milijone prese\u017enih smrti, zabele\u017eenih po vsem svetu od njihovega uvajanja.<\/span><\/p>\n<div><img decoding=\"async\" class=\"alignnone \" src=\"https:\/\/srb.delinaprej.eu\/wp\/wp-content\/uploads\/2023\/01\/image-63.webp\" width=\"600\" \/><br \/>\n<em><a href=\"https:\/\/www.gov.uk\/government\/publications\/myocarditis-and-pericarditis-after-covid-19-vaccination\/myocarditis-and-pericarditis-after-covid-19-vaccination-guidance-for-healthcare-professionals\" target=\"_blank\" rel=\"noreferrer noopener\"><span style=\"vertical-align: inherit;\">Vir<\/span><\/a><\/em><\/div>\n<p><span style=\"vertical-align: inherit;\"><span style=\"vertical-align: inherit;\">Tveganje za miokarditis, vnetje sr\u010dne mi\u0161ice, ki lahko povzro\u010di nenadno smrt, \u010de se ne zdravi, je resna skrb, ko gre za cepivo proti Covidu-19. <\/span><span style=\"vertical-align: inherit;\">To \u0161e posebej velja za mlade in zdrave odrasle in otroke, ki morda ne bodo imeli simptomov miokarditisa, dokler stanje ne napreduje v hudo stopnjo.<\/span><\/span><\/p>\n<p><span style=\"vertical-align: inherit;\">Simptomi miokarditisa lahko vklju\u010dujejo bole\u010dine v prsnem ko\u0161u, te\u017eko dihanje, utrujenost in nenormalne sr\u010dne ritme, in \u010de se ne zdravi, lahko povzro\u010di sr\u010dno popu\u0161\u010danje, sr\u010dni zastoj in nenadno sr\u010dno smrt.<\/span><\/p>\n<p><span style=\"vertical-align: inherit;\">To je verjetno razlog, zakaj je preiskava <\/span><span style=\"text-decoration-line: underline;\"><span style=\"vertical-align: inherit;\">uradnih podatkov, ki jih je Javno zdravje \u0160kotske objavilo<\/span><\/span><span style=\"vertical-align: inherit;\"> aprila 2022, pokazala, da je pri\u0161lo do 67-odstotnega pove\u010danja v primerjavi z zgodovinskim povpre\u010djem \u0161tevila ljudi, starih od 15 do 44 let, ki so do\u017eiveli sr\u010dni infarkt, sr\u010dni zastoj, miokarditis, kap in druge bolezni srca in o\u017eilja, saj je bilo tej starostni skupini ponujeno cepivo proti Covidu-19.<\/span><\/p>\n<div><a href=\"https:\/\/srb.delinaprej.eu\/wp\/wp-content\/uploads\/2023\/01\/image-61.webp\" target=\"_blank\" rel=\"noopener\"><img loading=\"lazy\" decoding=\"async\" class=\"alignnone\" src=\"https:\/\/srb.delinaprej.eu\/wp\/wp-content\/uploads\/2023\/01\/image-61.webp\" alt=\"\" width=\"600\" height=\"451\" \/><\/a><br \/>\n<em><a href=\"https:\/\/expose-news.com\/2022\/04\/21\/73-percent-increase-heart-attacks-young-adults-covid-jab-rollout\/\" target=\"_blank\" rel=\"noreferrer noopener\"><span style=\"vertical-align: inherit;\">Vir<\/span><\/a><\/em><\/div>\n<div><a href=\"https:\/\/srb.delinaprej.eu\/wp\/wp-content\/uploads\/2023\/01\/image-62.webp\" target=\"_blank\" rel=\"noopener\"><img loading=\"lazy\" decoding=\"async\" class=\"alignnone\" src=\"https:\/\/srb.delinaprej.eu\/wp\/wp-content\/uploads\/2023\/01\/image-62.webp\" alt=\"\" width=\"600\" height=\"443\" \/><\/a><br \/>\n<em><a href=\"https:\/\/expose-news.com\/2022\/04\/21\/73-percent-increase-heart-attacks-young-adults-covid-jab-rollout\/\" target=\"_blank\" rel=\"noreferrer noopener\"><span style=\"vertical-align: inherit;\">Vir<\/span><\/a><\/em><\/div>\n<p><span style=\"vertical-align: inherit;\">Na \u017ealost <\/span><a href=\"https:\/\/expose-news.com\/2022\/05\/01\/cdc-study-covid-vaccine-risk-myocarditis-13200percent\/\" target=\"_blank\" rel=\"noreferrer noopener\"><span style=\"vertical-align: inherit;\">je \u0161tudija, ki sta jo izvedla ameri\u0161ki Center za nadzor bolezni (CDC) in Food and Drug Administration (FDA)<\/span><\/a><span style=\"vertical-align: inherit;\"> , pokazala, da je tveganje za miokarditis po cepljenju z mRNA COVID pribli\u017eno 133-krat ve\u010dje od osnovnega tveganja v populaciji.<\/span><\/p>\n<div><a href=\"https:\/\/srb.delinaprej.eu\/wp\/wp-content\/uploads\/2023\/01\/image-64.webp\" target=\"_blank\" rel=\"noopener\"><img loading=\"lazy\" decoding=\"async\" class=\"alignnone\" src=\"https:\/\/srb.delinaprej.eu\/wp\/wp-content\/uploads\/2023\/01\/image-64.webp\" alt=\"\" width=\"600\" height=\"258\" \/><\/a><br \/>\n<em><a href=\"https:\/\/jamanetwork.com\/journals\/jama\/fullarticle\/2788346\" target=\"_blank\" rel=\"noreferrer noopener\"><span style=\"vertical-align: inherit;\">Vir<\/span><\/a><\/em><\/div>\n<p><span style=\"vertical-align: inherit;\">To pomeni, da cepljenje proti kovidu pove\u010da tveganje za miokarditis, avtoimunsko bolezen, ki povzro\u010da vnetje srca, za 13.200 %.<\/span><\/p>\n<p><span style=\"vertical-align: inherit;\">Iz predstavljenih podatkov je razvidno, da so cepiva proti Covidu-19 proizvajalcev Pfizer in Moderna pomembno vplivala na zdravje milijonov ljudi po vsem svetu.<\/span><\/p>\n<p><span style=\"vertical-align: inherit;\">Morebitni \u0161kodljivi u\u010dinki na srce, vklju\u010dno z miokarditisom in pove\u010danim tveganjem za sr\u010dne napade, sr\u010dni zastoj in druge kardiovaskularne bolezni, bi lahko povzro\u010dili precej\u0161nje \u0161tevilo nenadnih smrti, \u010de bi bila ta cepiva \u0161iroko raz\u0161irjena in bi jih dali velikemu delu prebivalstva. .<\/span><\/p>\n<p><span style=\"vertical-align: inherit;\">Poleg tega veliko \u0161tevilo prese\u017enih smrti, do katerih je pri\u0161lo od uvedbe cepiv proti Covidu-19, nakazuje, da ta cepiva morda prispevajo k ve\u010djemu trendu depopulacije.<\/span><\/p>\n<p><span style=\"vertical-align: inherit;\">Prekomerne smrti se nana\u0161ajo na \u0161tevilo smrti, ki presega obi\u010dajno pri\u010dakovano \u0161tevilo v dolo\u010deni populaciji, in dejstvo, da je bilo v dr\u017eavah &#8220;petih o\u010di&#8221; in Evropi na milijone prese\u017enih smrti od uvedbe cepiva proti Covidu-19, je vzrok za skrb.<\/span><\/p>\n<p><span style=\"vertical-align: inherit;\"><span style=\"vertical-align: inherit;\">Morebitne posledice upadanja prebivalstva so daljnose\u017ene in bi lahko imele pomembne posledice za dru\u017ebo, vklju\u010dno z gospodarskimi motnjami in zmanj\u0161anjem skupne velikosti prebivalstva. <\/span><span style=\"vertical-align: inherit;\">Nujno je treba izvesti nadaljnje raziskave, da bi razumeli resni\u010dni obseg vpliva cepiv proti Covidu-19 na zdravje prebivalstva in zagotovili, da bodo vsa prihodnja cepiva pred distribucijo temeljito testirana in ocenjena kot varna.<\/span><\/span><\/p>\n<p><span style=\"vertical-align: inherit;\"><span style=\"vertical-align: inherit;\">O\u010ditno je logi\u010dno, da mora ve\u010d ljudi umreti, kot se jih rodi, da pride do depopulacije. <\/span><span style=\"vertical-align: inherit;\">In na \u017ealost zaupni dokumenti Pfizerja potrjujejo, da je to zdaj na\u0161a realnost.<\/span><\/span><\/p>\n<h4>Zaupni dokumenti Pfizer<\/h4>\n<p><span style=\"vertical-align: inherit;\">Podatki <\/span><span style=\"text-decoration-line: underline;\"><a href=\"https:\/\/phmpt.org\/wp-content\/uploads\/2022\/04\/reissue_5.3.6-postmarketing-experience.pdf\" target=\"_blank\" rel=\"noreferrer noopener\"><span style=\"vertical-align: inherit;\">v tem dokumentu<\/span><\/a><\/span><span style=\"vertical-align: inherit;\"><span style=\"vertical-align: inherit;\"> so alarmantni in vzbujajo resne pomisleke glede varnosti cepiva Pfizer Covid-19 med nose\u010dnostjo in dojenjem. <\/span><span style=\"vertical-align: inherit;\">Po podatkih je bilo veliko primerov nose\u010dnic, ki so imele ne\u017eelene reakcije na cepivo, vklju\u010dno s spontanimi splavi, mrtvorojenostjo in drugimi resnimi zapleti.<\/span><\/span><\/p>\n<p><span style=\"vertical-align: inherit;\"><span style=\"vertical-align: inherit;\">Poleg tega podatki ka\u017eejo, da lahko cepivo predstavlja tveganje tudi za doje\u010de dojen\u010dke. <\/span><span style=\"vertical-align: inherit;\">Obstajajo \u0161tevilna poro\u010dila o ne\u017eelenih reakcijah dojen\u010dkov na cepivo, ko se nanje prenese z materinim mlekom.<\/span><\/span><\/p>\n<p><span style=\"vertical-align: inherit;\"><span style=\"vertical-align: inherit;\">Te ugotovitve so izjemno zaskrbljujo\u010de in poudarjajo potrebo po nadaljnjih raziskavah varnosti cepiv proti Covidu-19 med nose\u010dnostjo in dojenjem. <\/span><span style=\"vertical-align: inherit;\">\u010ce se tveganja, povezana s temi cepivi, ne obravnavajo ustrezno, bi to lahko pomembno vplivalo na stopnjo rodnosti in celotno \u0161tevilo prebivalstva.<\/span><\/span><\/p>\n<p><span style=\"vertical-align: inherit;\"><span style=\"vertical-align: inherit;\">Nujno je, da oblasti te pomisleke vzamejo resno in izvedejo temeljite preiskave o varnosti cepiv proti Covidu-19 med nose\u010dnostjo in dojenjem. <\/span><span style=\"vertical-align: inherit;\">Zdravje in dobro po\u010dutje tako mater kot njihovih otrok morata biti na prvem mestu.<\/span><\/span><\/p>\n<p><span style=\"vertical-align: inherit;\"><span style=\"vertical-align: inherit;\">Pfizerjevo cepivo proti COVID-19 je bilo povezano z velikim \u0161tevilom ne\u017eelenih u\u010dinkov pri nose\u010dnicah. <\/span><span style=\"vertical-align: inherit;\">Po lastnih podatkih podjetja je od 270 znanih primerov izpostavljenosti cepivu med nose\u010dnostjo 46 % mater (124) imelo ne\u017eeleni u\u010dinek.<\/span><\/span><\/p>\n<p><span style=\"vertical-align: inherit;\">Od tega jih je bilo 75 resnih, vklju\u010dno s kr\u010denjem maternice in smrtjo ploda.<\/span><\/p>\n<p><span style=\"vertical-align: inherit;\"><span style=\"vertical-align: inherit;\">To pomeni, da je 58 % mater, ki so poro\u010dale o ne\u017eelenih u\u010dinkih, utrpelo resen dogodek. <\/span><span style=\"vertical-align: inherit;\">Te zaskrbljujo\u010de ugotovitve vzbujajo zaskrbljenost glede varnosti cepiva za nose\u010dnice in poudarjajo potrebo po nadaljnjih raziskavah.<\/span><\/span><\/p>\n<div><a href=\"https:\/\/srb.delinaprej.eu\/wp\/wp-content\/uploads\/2023\/01\/image-65.webp\" target=\"_blank\" rel=\"noopener\"><img loading=\"lazy\" decoding=\"async\" class=\"alignnone\" src=\"https:\/\/srb.delinaprej.eu\/wp\/wp-content\/uploads\/2023\/01\/image-65.webp\" alt=\"\" width=\"600\" height=\"282\" \/><\/a><br \/>\n<em><a href=\"https:\/\/phmpt.org\/wp-content\/uploads\/2022\/04\/reissue_5.3.6-postmarketing-experience.pdf\" target=\"_blank\" rel=\"noreferrer noopener\"><span style=\"vertical-align: inherit;\">Vir \u2013 stran 12<\/span><\/a><\/em><\/div>\n<div><a href=\"https:\/\/srb.delinaprej.eu\/wp\/wp-content\/uploads\/2023\/01\/image-66.webp\" target=\"_blank\" rel=\"noopener\"><img decoding=\"async\" class=\"alignnone\" src=\"https:\/\/srb.delinaprej.eu\/wp\/wp-content\/uploads\/2023\/01\/image-66.webp\" alt=\"\" width=\"600\" \/><\/a><\/div>\n<p><span style=\"vertical-align: inherit;\"><span style=\"vertical-align: inherit;\">Zaskrbljujo\u010de je, da Pfizerjevi lastni podatki ka\u017eejo, da je 124 od 270 nose\u010dnic, ki so bile izpostavljene Pfizerjevemu cepivu proti COVID-19, do\u017eivelo ne\u017eeleni u\u010dinek. <\/span><span style=\"vertical-align: inherit;\">Od teh je bilo 75 resnih, vklju\u010dno s smrtjo ploda.<\/span><\/span><\/p>\n<p><span style=\"vertical-align: inherit;\"><span style=\"vertical-align: inherit;\">Zaskrbljujo\u010de je tudi, da Pfizer nima podatkov o izidih 238 od 270 nose\u010dnosti. <\/span><span style=\"vertical-align: inherit;\">Te \u0161tevilke spro\u017eajo resna vpra\u0161anja o varnosti Pfizerjevega cepiva proti COVID-19 za nose\u010dnice in njihove plodove.<\/span><\/span><\/p>\n<p><span style=\"vertical-align: inherit;\">Ugotovitve <\/span><span style=\"text-decoration-line: underline;\"><a href=\"https:\/\/phmpt.org\/wp-content\/uploads\/2022\/03\/125742_S1_M4_4223_185350.pdf\" target=\"_blank\" rel=\"noreferrer noopener\"><span style=\"vertical-align: inherit;\">druge Pfizerjeve \u0161tudije<\/span><\/a><\/span><span style=\"vertical-align: inherit;\"> na podganah Wistar Han ka\u017eejo, da se Pfizerjevo cepivo proti COVID-19 s\u010dasoma kopi\u010di v jaj\u010dnikih.<\/span><\/p>\n<p><span style=\"vertical-align: inherit;\">Jaj\u010dniki so par \u017eenskih \u017elez, ki proizvajajo jaj\u010deca ter \u017eenska hormona estrogen in progesteron.<\/span><\/p>\n<p><span style=\"vertical-align: inherit;\">\u0160tudija, ki <\/span><span style=\"text-decoration-line: underline;\"><a href=\"https:\/\/phmpt.org\/wp-content\/uploads\/2022\/03\/125742_S1_M4_4223_185350.pdf\" target=\"_blank\" rel=\"noreferrer noopener\"><span style=\"vertical-align: inherit;\">jo<\/span><\/a><\/span><span style=\"vertical-align: inherit;\"> je mogo\u010de najti na seznamu zaupnih dokumentov Pfizerja, ki ga je objavila ameri\u0161ka uprava za hrano in zdravila (FDA) na podlagi odredbe sodi\u0161\u010da, je dala en odmerek cepiva Pfizer 21 samicam in 21 samcem podgan.<\/span><\/p>\n<p><span style=\"vertical-align: inherit;\"><span style=\"vertical-align: inherit;\">Raziskovalci so izmerili koncentracijo celotne radioaktivnosti v krvi, plazmi in tkivih podgan na razli\u010dnih to\u010dkah po dajanju injekcije. <\/span><span style=\"vertical-align: inherit;\">Kopi\u010denje cepiva v jaj\u010dnikih vzbuja zaskrbljenost glede njegovega mo\u017enega vpliva na plodnost in reproduktivno zdravje.<\/span><\/span><\/p>\n<div><a href=\"https:\/\/srb.delinaprej.eu\/wp\/wp-content\/uploads\/2023\/01\/image-67.webp\" target=\"_blank\" rel=\"noopener\"><img loading=\"lazy\" decoding=\"async\" class=\"alignnone\" src=\"https:\/\/srb.delinaprej.eu\/wp\/wp-content\/uploads\/2023\/01\/image-67.webp\" alt=\"\" width=\"600\" height=\"733\" \/><\/a><\/div>\n<p><span style=\"vertical-align: inherit;\">Ena najbolj zaskrbljujo\u010dih ugotovitev \u0161tudije o cepivu Pfizer proti Covid-19 je dejstvo, da se s\u010dasoma kopi\u010di v jaj\u010dnikih.<\/span><\/p>\n<p><span style=\"vertical-align: inherit;\">V prvih 15 minutah po injiciranju je skupna koncentracija lipidov v jaj\u010dnikih zna\u0161ala 0,104 ml, vendar se je ta pove\u010dala na 1,34 ml \u017ee po eni uri, 2,34 ml po \u0161tirih urah in 12,3 ml po 48 urah.<\/span><\/p>\n<p><span style=\"vertical-align: inherit;\">Medtem ko znanstveniki, ki so izvajali \u0161tudijo, raziskave niso nadaljevali ve\u010d kot 48 ur, ni jasno, ali se je kopi\u010denje nadaljevalo.<\/span><\/p>\n<p><span style=\"vertical-align: inherit;\">Te ugotovitve spro\u017eajo resna vpra\u0161anja o mo\u017enih dolgoro\u010dnih u\u010dinkih cepiva Pfizer na plodnost in reproduktivno zdravje.<\/span><\/p>\n<p><span style=\"vertical-align: inherit;\">Toda po podatkih, ki jih je objavilo Javno zdravje \u0160kotske, se je \u0161tevilo ljudi, zbolelih za rakom jaj\u010dnikov, leta 2021 znatno pove\u010dalo v primerjavi s prej\u0161njim letom in povpre\u010djem 2017\u20132019.<\/span><\/p>\n<p><span style=\"vertical-align: inherit;\">To bi lahko bilo potencialno povezano s kopi\u010denjem Pfizerjevega cepiva proti COVID-19 v jaj\u010dnikih, kot je bilo ugotovljeno v \u0161tudiji na podganah.<\/span><br \/>\n<a href=\"https:\/\/srb.delinaprej.eu\/wp\/wp-content\/uploads\/2023\/01\/image-68.webp\" target=\"_blank\" rel=\"noopener\"><img loading=\"lazy\" decoding=\"async\" class=\"alignnone\" src=\"https:\/\/srb.delinaprej.eu\/wp\/wp-content\/uploads\/2023\/01\/image-68.webp\" alt=\"\" width=\"600\" height=\"264\" \/><\/a><br \/>\n<span style=\"vertical-align: inherit;\">Rak jaj\u010dnikov \u2013 <\/span><em><a href=\"https:\/\/scotland.shinyapps.io\/phs-covid-wider-impact\/\" target=\"_blank\" rel=\"noreferrer noopener\"><span style=\"vertical-align: inherit;\">vir<\/span><\/a><\/em><br \/>\n<span style=\"vertical-align: inherit;\"><span style=\"text-decoration-line: underline;\"><a href=\"https:\/\/scotland.shinyapps.io\/phs-covid-wider-impact\/\" target=\"_blank\" rel=\"noreferrer noopener\"><span style=\"vertical-align: inherit;\">Po uradnih podatkih<\/span><\/a><\/span><span style=\"vertical-align: inherit;\"> je \u0161tevilo novorojen\u010dkov na \u0160kotskem \u017ee drugi\u010d v samo sedmih mesecih doseglo kriti\u010dno raven .<\/span><\/span><\/p>\n<p><span style=\"vertical-align: inherit;\">Stopnja umrljivosti novorojen\u010dkov marca 2022 je bila 4,6 na 1.000 \u017eivorojenih otrok, kar je 119 % ve\u010d od pri\u010dakovane stopnje umrljivosti.<\/span><\/p>\n<div><a href=\"https:\/\/srb.delinaprej.eu\/wp\/wp-content\/uploads\/2023\/01\/image-69.webp\" target=\"_blank\" rel=\"noopener\"><img decoding=\"async\" class=\"alignnone\" src=\"https:\/\/srb.delinaprej.eu\/wp\/wp-content\/uploads\/2023\/01\/image-69.webp\" alt=\"\" width=\"600\" \/><\/a><\/div>\n<div><em>Kliknite za pove\u010davo <a href=\"https:\/\/scotland.shinyapps.io\/phs-covid-wider-impact\/\" target=\"_blank\" rel=\"noreferrer noopener\"><span style=\"vertical-align: inherit;\">Vir<\/span><\/a><\/em><\/div>\n<p><span style=\"vertical-align: inherit;\">To pomeni, da je stopnja umrljivosti novorojen\u010dkov \u017ee drugi\u010d po uvedbi cepiva proti Covidu-19 \u017eenskam\/nose\u010dnicam presegla zgornji opozorilni prag, znan kot \u00bbkontrolna meja\u00ab.<\/span><\/p>\n<p><span style=\"vertical-align: inherit;\"><span style=\"vertical-align: inherit;\">Nazadnje je to mejo presegla septembra 2021, ko je \u0161tevilo umrljivosti novorojen\u010dkov na 1.000 \u017eivorojenih otrok doseglo 5,1. <\/span><span style=\"vertical-align: inherit;\">Te ravni so enake tistim, ki so jih obi\u010dajno opazili v poznih osemdesetih letih.<\/span><\/span><\/p>\n<p><span style=\"vertical-align: inherit;\">Takrat je PHS dejal, da dejstvo, da je bila zgornja kontrolna meja prese\u017eena, &#8220;<\/span><em>ka\u017ee, da obstaja ve\u010dja verjetnost, da obstajajo dejavniki zunaj naklju\u010dnih variacij, ki so prispevali k \u0161tevilu smrtnih \u017ertev<\/em><span style=\"vertical-align: inherit;\"> &#8220;.<\/span><\/p>\n<p><span style=\"vertical-align: inherit;\">Ta novica je \u0161okantna in vzbuja resne pomisleke glede varnosti cepiv proti Covidu-19.<\/span><\/p>\n<h4>Pove\u010dana smrtnost<\/h4>\n<p><span style=\"vertical-align: inherit;\">Skrb vzbujajo\u010de je videti \u0161tevilke, ki jih najdemo v poro\u010dilu, ki ga je objavila vlada Zdru\u017eenega kraljestva z naslovom &#8220;<\/span><em><a href=\"https:\/\/www.ons.gov.uk\/file?uri%3D\/peoplepopulationandcommunity\/birthsdeathsandmarriages\/deaths\/datasets\/deathsbyvaccinationstatusengland\/deathsoccurringbetween1january2021and31may2022\/referencetable06072022accessible.xlsx\" target=\"_blank\" rel=\"noreferrer noopener\"><span style=\"vertical-align: inherit;\">Smrti zaradi statusa cepljenja, Anglija, 1. januar 2021 do 31. maj 2022<\/span><\/a><\/em><span style=\"vertical-align: inherit;\"> &#8220;, do katerega lahko dostopate na spletnem mestu ONS <\/span><a href=\"https:\/\/www.ons.gov.uk\/peoplepopulationandcommunity\/birthsdeathsandmarriages\/deaths\/datasets\/deathsbyvaccinationstatusengland\" target=\"_blank\" rel=\"noreferrer noopener\"><strong><span style=\"text-decoration-line: underline;\"><span style=\"vertical-align: inherit;\">tukaj<\/span><\/span><\/strong><\/a><span style=\"vertical-align: inherit;\"> in ga prenesete <\/span><strong><a href=\"https:\/\/www.ons.gov.uk\/file?uri%3D\/peoplepopulationandcommunity\/birthsdeathsandmarriages\/deaths\/datasets\/deathsbyvaccinationstatusengland\/deathsoccurringbetween1january2021and31may2022\/referencetable06072022accessible.xlsx\" target=\"_blank\" rel=\"noreferrer noopener\"><span style=\"text-decoration-line: underline;\"><span style=\"vertical-align: inherit;\">tukaj<\/span><\/span><\/a><\/strong><span style=\"vertical-align: inherit;\">, da je bilo v vsakem posamezen mesec med januarjem in majem 2022 pri posameznikih, starih od 18 do 39 let, ki so bili delno ali v celoti cepljeni, ve\u010dja verjetnost, da bodo umrli zaradi vzrokov, ki niso povezani s kovidom, v primerjavi z njihovimi necepljenimi kolegi.<\/span><\/p>\n<div><a href=\"https:\/\/srb.delinaprej.eu\/wp\/wp-content\/uploads\/2023\/01\/image-70.webp\" target=\"_blank\" rel=\"noopener\"><img loading=\"lazy\" decoding=\"async\" class=\"alignnone\" src=\"https:\/\/srb.delinaprej.eu\/wp\/wp-content\/uploads\/2023\/01\/image-70.webp\" alt=\"\" width=\"600\" height=\"466\" \/><\/a><\/div>\n<p><span style=\"vertical-align: inherit;\">Razmere so \u0161e posebej hude za trikrat cepljene posameznike, katerih stopnja umrljivosti se je od obse\u017ene po\u017eivitvene kampanje decembra 2021 iz meseca v mesec samo \u0161e pove\u010devala.<\/span><\/p>\n<p><span style=\"vertical-align: inherit;\">Te \u0161okantne \u0161tevilke, ki jih je posredoval Urad Zdru\u017eenega kraljestva za nacionalno statistiko, potrjujejo, da cepiva proti Covidu-19 znatno pove\u010dajo tveganje za smrt osebe.<\/span><\/p>\n<p><span style=\"vertical-align: inherit;\"><span style=\"vertical-align: inherit;\">Jasno je, da cepiva ne le ne \u0161\u010ditijo posameznikov, ampak tudi aktivno povzro\u010dajo \u0161kodo. <\/span><span style=\"vertical-align: inherit;\">Bistveno je, da se sprejmejo ukrepi za zaustavitev njihove distribucije in razi\u0161\u010dejo resni\u010dne nevarnosti, ki jih predstavljajo.<\/span><\/span><\/p>\n<p><span style=\"vertical-align: inherit;\"><span style=\"vertical-align: inherit;\">Vendar ta situacija ni izolirana pri 18 do 39-letnikih. <\/span><span style=\"vertical-align: inherit;\">Pogosta je v vsaki posamezni starostni skupini.<\/span><\/span><\/p>\n<p><span style=\"vertical-align: inherit;\">Naslednja dva grafikona prikazujeta mese\u010dne starostno standardizirane stopnje umrljivosti glede na status cepljenja za smrti, ki niso povezane s Covid-19, v Angliji med januarjem in majem 2022 za vse starostne skupine \u2013<\/span><\/p>\n<div><a href=\"https:\/\/srb.delinaprej.eu\/wp\/wp-content\/uploads\/2023\/01\/image-71.webp\" target=\"_blank\" rel=\"noopener\"><img loading=\"lazy\" decoding=\"async\" class=\"alignnone\" src=\"https:\/\/srb.delinaprej.eu\/wp\/wp-content\/uploads\/2023\/01\/image-71.webp\" alt=\"\" width=\"600\" height=\"465\" \/><\/a><br \/>\n<em><a href=\"https:\/\/expose-news.com\/2022\/08\/09\/mortality-rates-lowest-among-unvacinated\/\" target=\"_blank\" rel=\"noreferrer noopener\"><span style=\"vertical-align: inherit;\">Vir<\/span><\/a><\/em><\/div>\n<div><a href=\"https:\/\/srb.delinaprej.eu\/wp\/wp-content\/uploads\/2023\/01\/image-72.webp\" target=\"_blank\" rel=\"noopener\"><img loading=\"lazy\" decoding=\"async\" class=\"alignnone\" src=\"https:\/\/srb.delinaprej.eu\/wp\/wp-content\/uploads\/2023\/01\/image-72.webp\" alt=\"\" width=\"598\" height=\"464\" \/><\/a><br \/>\n<em><a href=\"https:\/\/expose-news.com\/2022\/08\/09\/mortality-rates-lowest-among-unvacinated\/\" target=\"_blank\" rel=\"noreferrer noopener\"><span style=\"vertical-align: inherit;\">Vir<\/span><\/a><\/em><\/div>\n<p><span style=\"vertical-align: inherit;\"><span style=\"vertical-align: inherit;\">Tukaj lahko preberete celotno preiskavo zgornjih \u0161tevilk, razdeljenih po starostnih <\/span><span style=\"vertical-align: inherit;\">skupinah<\/span><\/span><a href=\"https:\/\/expose-news.com\/2022\/08\/09\/mortality-rates-lowest-among-unvacinated\/\" target=\"_blank\" rel=\"noreferrer noopener\"><span style=\"text-decoration-line: underline;\"><strong>.<\/strong><\/span><\/a><\/p>\n<h4>Depopulacija s cepljenjem proti Covid-19<\/h4>\n<p><span style=\"vertical-align: inherit;\">Morebitne posledice kampanje cepljenja proti Covidu-19 so alarmantne in bi lahko povzro\u010dile depopulacijo v svetovnem merilu.<\/span><\/p>\n<p><span style=\"vertical-align: inherit;\"><span style=\"vertical-align: inherit;\">Srce je vitalni organ in kakr\u0161ni koli \u0161kodljivi u\u010dinki nanj bi lahko imeli uni\u010dujo\u010de posledice. <\/span><span style=\"vertical-align: inherit;\">To \u0161e posebej velja za mlade in zdrave odrasle in otroke, saj miokarditis morda ne povzro\u010da simptomov, dokler stanje ne napreduje v hudo stopnjo.<\/span><\/span><\/p>\n<p><span style=\"vertical-align: inherit;\">Podatki Pfizerja razkrivajo, da je 46 % nose\u010dnic, ki so prejele cepivo, utrpelo ne\u017eelene u\u010dinke, 58 % pa jih je imelo resne ne\u017eelene u\u010dinke, od kr\u010denja maternice do smrti ploda.<\/span><\/p>\n<p><span style=\"vertical-align: inherit;\">Poleg tega so \u0161tudije pokazale, da se cepivo s\u010dasoma kopi\u010di v jaj\u010dnikih, kar vzbuja zaskrbljenost glede njegovega mo\u017enega vpliva na plodnost.<\/span><\/p>\n<p><span style=\"vertical-align: inherit;\">Uradni podatki tudi razkrivajo, da je umrljivost najvi\u0161ja med cepljenimi in najni\u017eja med necepljenimi v vseh starostnih skupinah.<\/span><\/p>\n<p><span style=\"vertical-align: inherit;\">Z vsemi temi dokazi je jasno, da bi lahko imela kampanja cepljenja proti Covid-19 resne posledice za prihodnost \u010dlove\u0161tva.<\/span><\/p>\n<h4>Ampak zakaj?<\/h4>\n<p><span style=\"vertical-align: inherit;\">Nekateri ljudje morda \u017eelijo izprazniti planet iz razli\u010dnih razlogov.<\/span><\/p>\n<p><span style=\"vertical-align: inherit;\">Eden od razlogov bi lahko bila prenaseljenost, saj nekateri verjamejo, da se zemeljski viri zaradi nara\u0161\u010dajo\u010dega \u0161tevila prebivalcev iz\u010drpavajo z nevzdr\u017eno hitrostjo.<\/span><\/p>\n<p><span style=\"vertical-align: inherit;\">Drugi ljudje lahko trdijo, da je depopulacija potrebna zaradi negativnega vpliva, ki ga imajo ljudje na okolje, zmanj\u0161anje populacije pa bi lahko pomagalo ubla\u017eiti nekatere od teh te\u017eav.<\/span><\/p>\n<p><span style=\"vertical-align: inherit;\">Nekateri ljudje morda zagovarjajo tudi depopulacijo zaradi zaskrbljenosti glede vpliva podnebnih sprememb, saj bi manj\u0161a populacija verjetno povzro\u010dila zmanj\u0161anje emisij toplogrednih plinov.<\/span><\/p>\n<p><span style=\"vertical-align: inherit;\">Nazadnje, nekateri ljudje morda preprosto verjamejo, da bi bilo manj\u0161e prebivalstvo la\u017eje obvladljivo in la\u017eje nadzorovano, in morda zagovarjajo depopulacijo zaradi tega razloga.<\/span><\/p>\n<p><span style=\"vertical-align: inherit;\">Klaus Schwab in Bill Gates sta dve vplivni osebnosti, ki sta izrazila podporo ideji o depopulaciji na razli\u010dne na\u010dine, vklju\u010dno s cepljenjem.<\/span><\/p>\n<p><span style=\"vertical-align: inherit;\">Schwab, ustanovitelj Svetovnega gospodarskega foruma, je trdil, da bi bilo zmanj\u0161anje svetovnega prebivalstva koristno za okolje in gospodarstvo, in predlagal, da bi lahko napredne tehnologije, kot je umetna inteligenca, igrale vlogo pri doseganju tega cilja.<\/span><\/p>\n<p><span style=\"vertical-align: inherit;\">Podobno je Bill Gates izjavil, da je mogo\u010de kampanje cepljenja uporabiti za zmanj\u0161anje populacije, in je financiral \u0161tevilne pobude, ki spodbujajo cepljenje kot sredstvo za nadzor rasti prebivalstva.<\/span><\/p>\n<p><span style=\"vertical-align: inherit;\">Tako bi moralo zdaj postati smiselno, zakaj so vplivne osebnosti, kot sta Bill Gates in Klaus Schwab, zagovarjale \u0161iroko raz\u0161irjene kampanje cepljenja.<\/span><\/p>\n<p><span style=\"vertical-align: inherit;\">Pri prizadevanju za mno\u017ei\u010dno cepljenje proti Covidu-19 ne gre za boj proti virusu, temve\u010d za zmanj\u0161anje svetovne populacije.<\/span><\/p>\n<p><span style=\"vertical-align: inherit;\">Ta cilj se ujema z interesi dolo\u010denih korporacij in posameznikov, ki imajo koristi od manj\u0161ega, bolj obvladljivega prebivalstva.<\/span><\/p>\n<p><em>Vir:\u00a0<a href=\"https:\/\/expose-news.com\/2023\/01\/08\/gates-schwab-depopulation-agenda-covid-vaccine-exposed\/\" target=\"_blank\" rel=\"noopener\">https:\/\/expose-news.com\/2023\/01\/08\/gates-schwab-depopulation-agenda-covid-vaccine-exposed\/<\/a><\/em><\/td>\n<\/tr>\n<\/tbody>\n<\/table>\n<p>===== Dodatek =====<\/p>\n<p>Podatki za Slovenijo za prvih 49 tednov 2022 (nekdo bi lahko postavil vpra\u0161anje kdo je po\u0161iljal podatke OECD-ju).<\/p>\n<p><img loading=\"lazy\" decoding=\"async\" class=\"alignnone wp-image-2273 size-full\" src=\"https:\/\/delinaprej.eu\/wp-content\/uploads\/2023\/01\/ExcessMortalify_Slo_2022_49_1.jpg\" alt=\"\" width=\"541\" height=\"1143\" srcset=\"https:\/\/delinaprej.eu\/wp-content\/uploads\/2023\/01\/ExcessMortalify_Slo_2022_49_1.jpg 541w, https:\/\/delinaprej.eu\/wp-content\/uploads\/2023\/01\/ExcessMortalify_Slo_2022_49_1-142x300.jpg 142w, https:\/\/delinaprej.eu\/wp-content\/uploads\/2023\/01\/ExcessMortalify_Slo_2022_49_1-485x1024.jpg 485w\" sizes=\"auto, (max-width: 541px) 100vw, 541px\" \/><br \/>\nVir: <a href=\"https:\/\/stats.oecd.org\/index.aspx?queryid=104676\" target=\"_blank\" rel=\"noopener\">OECD<\/a><br \/>\n&nbsp;<\/p>\n","protected":false},"excerpt":{"rendered":"<p>Avtor The Expos\u00e9 8. januar 2023 \u010ce bi poskusno cepivo po\u0161kodovalo srce in imunski sistem pri znatnem \u0161tevilu posameznikov, ki so ga prejeli, je mo\u017eno, da bi to lahko vodilo v upad celotne populacije.To se [&hellip;]<\/p>\n","protected":false},"author":1,"featured_media":2195,"comment_status":"closed","ping_status":"closed","sticky":false,"template":"","format":"standard","meta":{"_monsterinsights_skip_tracking":false,"_monsterinsights_sitenote_active":false,"_monsterinsights_sitenote_note":"","_monsterinsights_sitenote_category":0,"site-sidebar-layout":"default","site-content-layout":"default","ast-site-content-layout":"default","site-content-style":"default","site-sidebar-style":"default","ast-global-header-display":"","ast-banner-title-visibility":"","ast-main-header-display":"","ast-hfb-above-header-display":"","ast-hfb-below-header-display":"","ast-hfb-mobile-header-display":"","site-post-title":"","ast-breadcrumbs-content":"","ast-featured-img":"","footer-sml-layout":"","ast-disable-related-posts":"","theme-transparent-header-meta":"default","adv-header-id-meta":"","stick-header-meta":"","header-above-stick-meta":"","header-main-stick-meta":"","header-below-stick-meta":"","astra-migrate-meta-layouts":"set","ast-page-background-enabled":"default","ast-page-background-meta":{"desktop":{"background-color":"var(--ast-global-color-4)","background-image":"","background-repeat":"repeat","background-position":"center center","background-size":"auto","background-attachment":"scroll","background-type":"","background-media":"","overlay-type":"","overlay-color":"","overlay-opacity":"","overlay-gradient":""},"tablet":{"background-color":"","background-image":"","background-repeat":"repeat","background-position":"center center","background-size":"auto","background-attachment":"scroll","background-type":"","background-media":"","overlay-type":"","overlay-color":"","overlay-opacity":"","overlay-gradient":""},"mobile":{"background-color":"","background-image":"","background-repeat":"repeat","background-position":"center center","background-size":"auto","background-attachment":"scroll","background-type":"","background-media":"","overlay-type":"","overlay-color":"","overlay-opacity":"","overlay-gradient":""}},"ast-content-background-meta":{"desktop":{"background-color":"var(--ast-global-color-5)","background-image":"","background-repeat":"repeat","background-position":"center center","background-size":"auto","background-attachment":"scroll","background-type":"","background-media":"","overlay-type":"","overlay-color":"","overlay-opacity":"","overlay-gradient":""},"tablet":{"background-color":"var(--ast-global-color-5)","background-image":"","background-repeat":"repeat","background-position":"center center","background-size":"auto","background-attachment":"scroll","background-type":"","background-media":"","overlay-type":"","overlay-color":"","overlay-opacity":"","overlay-gradient":""},"mobile":{"background-color":"var(--ast-global-color-5)","background-image":"","background-repeat":"repeat","background-position":"center center","background-size":"auto","background-attachment":"scroll","background-type":"","background-media":"","overlay-type":"","overlay-color":"","overlay-opacity":"","overlay-gradient":""}},"footnotes":""},"categories":[41,33],"tags":[],"class_list":["post-2193","post","type-post","status-publish","format-standard","has-post-thumbnail","hentry","category-cepiva-vakcine","category-informacije"],"aioseo_notices":[],"_links":{"self":[{"href":"https:\/\/delinaprej.eu\/index.php\/wp-json\/wp\/v2\/posts\/2193","targetHints":{"allow":["GET"]}}],"collection":[{"href":"https:\/\/delinaprej.eu\/index.php\/wp-json\/wp\/v2\/posts"}],"about":[{"href":"https:\/\/delinaprej.eu\/index.php\/wp-json\/wp\/v2\/types\/post"}],"author":[{"embeddable":true,"href":"https:\/\/delinaprej.eu\/index.php\/wp-json\/wp\/v2\/users\/1"}],"replies":[{"embeddable":true,"href":"https:\/\/delinaprej.eu\/index.php\/wp-json\/wp\/v2\/comments?post=2193"}],"version-history":[{"count":22,"href":"https:\/\/delinaprej.eu\/index.php\/wp-json\/wp\/v2\/posts\/2193\/revisions"}],"predecessor-version":[{"id":3490,"href":"https:\/\/delinaprej.eu\/index.php\/wp-json\/wp\/v2\/posts\/2193\/revisions\/3490"}],"wp:featuredmedia":[{"embeddable":true,"href":"https:\/\/delinaprej.eu\/index.php\/wp-json\/wp\/v2\/media\/2195"}],"wp:attachment":[{"href":"https:\/\/delinaprej.eu\/index.php\/wp-json\/wp\/v2\/media?parent=2193"}],"wp:term":[{"taxonomy":"category","embeddable":true,"href":"https:\/\/delinaprej.eu\/index.php\/wp-json\/wp\/v2\/categories?post=2193"},{"taxonomy":"post_tag","embeddable":true,"href":"https:\/\/delinaprej.eu\/index.php\/wp-json\/wp\/v2\/tags?post=2193"}],"curies":[{"name":"wp","href":"https:\/\/api.w.org\/{rel}","templated":true}]}}