{"id":2178,"date":"2023-01-14T08:43:50","date_gmt":"2023-01-14T07:43:50","guid":{"rendered":"https:\/\/delinaprej.eu\/?p=2178"},"modified":"2023-01-14T08:55:30","modified_gmt":"2023-01-14T07:55:30","slug":"nekateri-so-pa-prisli-na-svoje","status":"publish","type":"post","link":"https:\/\/delinaprej.eu\/index.php\/2023\/01\/14\/nekateri-so-pa-prisli-na-svoje\/","title":{"rendered":"NEKATERI SO PA PRI\u0160LI NA SVOJE &#8230; \ud83c\uddf8\ud83c\uddee"},"content":{"rendered":"<p>11 januarja, 2023<\/p>\n<h4>MURNI IN MOKARJI S KONCEM JANUARJA \u017dE NA JEDILNIKIH \u0160IROM EU!<\/h4>\n<p><img loading=\"lazy\" decoding=\"async\" class=\"alignnone wp-image-2187\" src=\"https:\/\/delinaprej.eu\/wp-content\/uploads\/2023\/01\/p08vmz-150x150.jpg.webp\" alt=\"\" width=\"80\" height=\"80\" \/><br \/>\nAvtor: Domen Goren\u0161ek<\/p>\n<p>Kot je razvidno <a href=\"https:\/\/eur-lex.europa.eu\/legal-content\/SL\/TXT\/?uri=uriserv%3AOJ.L_.2023.002.01.0009.01.SLV&amp;toc=OJ%3AL%3A2023%3A002%3ATOC\">iz Uradnega lista Evropske unije z dne 03.01.2023<\/a> , je Evropska komisija pod vodstvom Ursule von der Leyen dru\u017ebi <strong>Cricket One Co. Ltd<\/strong> odobrila dajanje novih \u017eivil na trg Evropske unije.<\/p>\n<p>Za katera \u017eivila to\u010dno gre?<\/p>\n<p>Dru\u017eba Cricket One Co. Ltd je \u017ee <strong>24. julija 2019 <\/strong>pri Evropski komisiji vlo\u017eila vlogo za odobritev dajanja delno razma\u0161\u010denega prahu iz <strong>Acheta domesticus (hi\u0161nih murnov)<\/strong> na trg Unije kot novega \u017eivila.<\/p>\n<p>Evropska agencija za varnost hrane je sicer na podlagi dokazov o prehranskih alergijah, povezanih z \u017eu\u017eelkami na splo\u0161no, ki naj bi sicer dvoumno povezali u\u017eivanje Acheta domesticus s \u0161tevilnimi anafilakti\u010dnimi dogodki, in na podlagi dokazov, da Acheta domesticus vsebujejo \u0161tevilne potencialno alergene beljakovine, v svojem mnenju ugotovila tudi, da u\u017eivanje tega novega \u017eivila lahko spro\u017ei preob\u010dutljivost na beljakovine Acheta domesticus in, da u\u017eivanje delno razma\u0161\u010denega prahu iz\u00a0<span class=\"oj-italic\">Acheta domesticus<\/span>\u00a0(hi\u0161nih murnov) lahko povzro\u010di alergijske reakcije pri osebah, ki so alergi\u010dne na rake, mehku\u017ece in pr\u0161ice.<\/p>\n<p><img loading=\"lazy\" decoding=\"async\" class=\"alignnone wp-image-2180\" src=\"https:\/\/delinaprej.eu\/wp-content\/uploads\/2023\/01\/SmartSelect_20230111_150227_Chrome-300x227.jpg\" alt=\"\" width=\"600\" height=\"454\" srcset=\"https:\/\/delinaprej.eu\/wp-content\/uploads\/2023\/01\/SmartSelect_20230111_150227_Chrome-300x227.jpg 300w, https:\/\/delinaprej.eu\/wp-content\/uploads\/2023\/01\/SmartSelect_20230111_150227_Chrome-1024x776.jpg 1024w, https:\/\/delinaprej.eu\/wp-content\/uploads\/2023\/01\/SmartSelect_20230111_150227_Chrome-768x582.jpg 768w, https:\/\/delinaprej.eu\/wp-content\/uploads\/2023\/01\/SmartSelect_20230111_150227_Chrome.jpg 1226w\" sizes=\"auto, (max-width: 600px) 100vw, 600px\" \/><\/p>\n<p>No kljub vsemu. <strong>Evropska komisija <\/strong>je ugotovila, da je vlo\u017enik zadovoljivo utemeljil izpolnjevanje zahtev iz \u010dlena 26(2) Uredbe (EU) 2015\/2283 ter da torej ni zadr\u017ekov za sprostitev teh \u017eivil v promet. \u017divilo bo na voljo \u017ee z dnem <strong>24.1.2023<\/strong>.<\/p>\n<h5>A TO \u0160E NI VSE, GURMANI POZOR!<\/h5>\n<p>V <a href=\"https:\/\/eur-lex.europa.eu\/legal-content\/SL\/TXT\/?uri=uriserv%3AOJ.L_.2023.005.01.0010.01.SLV&amp;toc=OJ%3AL%3A2023%3A005%3ATOC\">Uradnem listu Evrospke unije z dne 5.1.2023<\/a>\u00a0 smo zasledili \u0161e Izvedbeno uredbo \u0161t. 2023\/58 (EU), na podlagi katere je Evropska komisija dru\u017ebi <strong>Ynsect NL B.V. <\/strong>odobrila dajanje na trg li\u010dink<strong> Alphitobius diaperinus (malega mokarja)<\/strong> v zamrznjeni obliki, obliki paste, posu\u0161eni obliki in obliki prahu kot novega \u017eivila.<\/p>\n<p>Evropska agencija za varnost hrane je na podlagi omejenih objavljenih dokazov o prehranski alergiji (<strong><em>op.p. \u2013 le zakaj so dokazi omejeni? Morda zato, ker doslej ljudje teh pripravkov nismo \u0161e pretirano u\u017eivali?<\/em><\/strong>), povezani z \u017eu\u017eelkami, tudi v tem primeru ugotovila, da u\u017eivanje novega \u017eivila lahko povzro\u010di primarno preob\u010dutljivost in alergi\u010dne reakcije na beljakovine malega mokarja in v mnenjih izrazila kar nekaj zadr\u017ekov. Prehranskih dopolnil, ki vsebujejo li\u010dinke\u00a0<span class=\"oj-italic\">Alphitobius diaperinus<\/span> v obliki prahu, naj ne bi smele u\u017eivati osebe, mlaj\u0161e od 18 let, zato bi bilo treba dolo\u010diti zahtevo za ozna\u010devanje, da bi potro\u0161nike ustrezno obvestili o tem.<\/p>\n<p>No, Evropska komisija je tudi v tem primeru zaupala kar vlo\u017eniku in ugotovila, da je ta zadovoljivo utemeljil izpolnjevanje zahtev . Komisija je celo mnenja, da na seznam Unije odobrenih novih \u017eivil <strong>ne bi smele biti vklju\u010dene nobene posebne zahteve za ozna\u010devanje<\/strong> v zvezi s potencialom li\u010dink <span class=\"oj-italic\">Alphitobius diaperinus<\/span>, da povzro\u010dijo primarno preob\u010dutljivost.<\/p>\n<p>Ta delikatesa bo v prehrambene namene dr\u017eavljanom dr\u017eav \u010dlanic Evropske unije na voljo z dnem <strong>26.1.2023<\/strong>. Verjetno ni potrebno posebej poudarjati, da je uredba v celoti zavezujo\u010da in se neposredno uporablja v vseh dr\u017eavah \u010dlanicah.<\/p>\n<p><img loading=\"lazy\" decoding=\"async\" class=\"alignnone wp-image-2179\" src=\"https:\/\/delinaprej.eu\/wp-content\/uploads\/2023\/01\/SmartSelect_20230111_150457_Chrome-300x156.jpg\" alt=\"\" width=\"602\" height=\"313\" srcset=\"https:\/\/delinaprej.eu\/wp-content\/uploads\/2023\/01\/SmartSelect_20230111_150457_Chrome-300x156.jpg 300w, https:\/\/delinaprej.eu\/wp-content\/uploads\/2023\/01\/SmartSelect_20230111_150457_Chrome-1024x533.jpg 1024w, https:\/\/delinaprej.eu\/wp-content\/uploads\/2023\/01\/SmartSelect_20230111_150457_Chrome-768x400.jpg 768w, https:\/\/delinaprej.eu\/wp-content\/uploads\/2023\/01\/SmartSelect_20230111_150457_Chrome.jpg 1276w\" sizes=\"auto, (max-width: 602px) 100vw, 602px\" \/><\/p>\n<p>Tako boste vsi ljubitelji prehrambenih izdelkov narejenih iz murnov in li\u010dink malega mokarja, ki so bili v stari normalnosti, v dr\u017eavah \u010dlanicah Evropske unije namenjeni predvsem <strong>glodalcem<\/strong>, kon\u010dno lahko pri\u0161li na svoj ra\u010dun.<\/p>\n<h5>ZA KONEC SE LAHKO VPRA\u0160AMO\u2026<\/h5>\n<p>Bo teh nekaj dni do pri\u010detka veljave uredb, ki sta seveda v celoti zavezujo\u010di in se neposredno uporabljata v vseh dr\u017eavah \u010dlanicah, sku\u0161njava po \u201cgurmanskih u\u017eitkih prihodnosti\u201d za nekatere dr\u017eavljane dr\u017eav \u010dlanic Evropske unije vendarle premo\u010dna? Bodo ti morda zadevo hoteli preizkusiti \u017ee prej, in sicer z obiskom kak\u0161ne trgovine za hi\u0161ne ljubljen\u010dke, v kateri imajo tudi oddelek za glodalce?<\/p>\n<p>&#8212;&#8212;&#8212;&#8212;&#8212;&#8212;&#8212;&#8212;&#8212;&#8212;&#8212;&#8212;&#8212;&#8212;&#8212;&#8212;&#8212;&#8212;&#8212;&#8212;&#8212;&#8212;&#8212;&#8212;&#8212;&#8212;&#8212;&#8212;&#8212;&#8212;&#8212;&#8212;&#8212;&#8212;&#8212;&#8212;&#8212;&#8211;<\/p>\n<p><a href=\"https:\/\/delinaprej.eu\/wp-content\/uploads\/2023\/01\/Posnetek-zaslona-2023-01-14-081017.jpg\" target=\"_blank\" rel=\"noopener\"><img loading=\"lazy\" decoding=\"async\" class=\"alignnone wp-image-2181\" src=\"https:\/\/delinaprej.eu\/wp-content\/uploads\/2023\/01\/Posnetek-zaslona-2023-01-14-081017-258x300.jpg\" alt=\"\" width=\"600\" height=\"697\" srcset=\"https:\/\/delinaprej.eu\/wp-content\/uploads\/2023\/01\/Posnetek-zaslona-2023-01-14-081017-258x300.jpg 258w, https:\/\/delinaprej.eu\/wp-content\/uploads\/2023\/01\/Posnetek-zaslona-2023-01-14-081017-768x891.jpg 768w, https:\/\/delinaprej.eu\/wp-content\/uploads\/2023\/01\/Posnetek-zaslona-2023-01-14-081017.jpg 772w\" sizes=\"auto, (max-width: 600px) 100vw, 600px\" \/><\/a><br \/>\nPDF: <a href=\"https:\/\/delinaprej.eu\/wp-content\/uploads\/2023\/01\/licinke_CELEX-32023R0058-SL-TXT.pdf\" target=\"_blank\" rel=\"noopener\">CELEX 32023R0058 SL TXT<\/a><\/p>\n<p>&#8212;&#8212;&#8212;&#8212;&#8212;&#8212;&#8212;&#8212;&#8212;&#8212;&#8212;&#8212;&#8212;&#8212;&#8212;&#8212;&#8212;&#8212;&#8212;&#8212;&#8212;&#8212;&#8212;&#8212;&#8212;&#8212;&#8212;&#8212;&#8212;&#8212;&#8212;&#8212;&#8212;&#8212;&#8212;&#8212;&#8212;&#8211;<\/p>\n<p><em>Vir: <a href=\"https:\/\/p39.si\/2023\/01\/11\/murni-in-mokarji-s-koncem-januarja-ze-na-jedilnikih-v-eu\/\" target=\"_blank\" rel=\"noopener\">https:\/\/p39.si\/2023\/01\/11\/murni-in-mokarji-s-koncem-januarja-ze-na-jedilnikih-v-eu\/<\/a><\/em><br \/>\n&nbsp;<\/p>\n","protected":false},"excerpt":{"rendered":"<p>11 januarja, 2023 MURNI IN MOKARJI S KONCEM JANUARJA \u017dE NA JEDILNIKIH \u0160IROM EU! Avtor: Domen Goren\u0161ek Kot je razvidno iz Uradnega lista Evropske unije z dne 03.01.2023 , je Evropska komisija pod vodstvom Ursule [&hellip;]<\/p>\n","protected":false},"author":1,"featured_media":2180,"comment_status":"closed","ping_status":"closed","sticky":false,"template":"","format":"standard","meta":{"_monsterinsights_skip_tracking":false,"_monsterinsights_sitenote_active":false,"_monsterinsights_sitenote_note":"","_monsterinsights_sitenote_category":0,"site-sidebar-layout":"default","site-content-layout":"default","ast-site-content-layout":"default","site-content-style":"default","site-sidebar-style":"default","ast-global-header-display":"","ast-banner-title-visibility":"","ast-main-header-display":"","ast-hfb-above-header-display":"","ast-hfb-below-header-display":"","ast-hfb-mobile-header-display":"","site-post-title":"","ast-breadcrumbs-content":"","ast-featured-img":"","footer-sml-layout":"","ast-disable-related-posts":"","theme-transparent-header-meta":"default","adv-header-id-meta":"","stick-header-meta":"","header-above-stick-meta":"","header-main-stick-meta":"","header-below-stick-meta":"","astra-migrate-meta-layouts":"default","ast-page-background-enabled":"default","ast-page-background-meta":{"desktop":{"background-color":"var(--ast-global-color-4)","background-image":"","background-repeat":"repeat","background-position":"center center","background-size":"auto","background-attachment":"scroll","background-type":"","background-media":"","overlay-type":"","overlay-color":"","overlay-opacity":"","overlay-gradient":""},"tablet":{"background-color":"","background-image":"","background-repeat":"repeat","background-position":"center center","background-size":"auto","background-attachment":"scroll","background-type":"","background-media":"","overlay-type":"","overlay-color":"","overlay-opacity":"","overlay-gradient":""},"mobile":{"background-color":"","background-image":"","background-repeat":"repeat","background-position":"center center","background-size":"auto","background-attachment":"scroll","background-type":"","background-media":"","overlay-type":"","overlay-color":"","overlay-opacity":"","overlay-gradient":""}},"ast-content-background-meta":{"desktop":{"background-color":"var(--ast-global-color-5)","background-image":"","background-repeat":"repeat","background-position":"center center","background-size":"auto","background-attachment":"scroll","background-type":"","background-media":"","overlay-type":"","overlay-color":"","overlay-opacity":"","overlay-gradient":""},"tablet":{"background-color":"var(--ast-global-color-5)","background-image":"","background-repeat":"repeat","background-position":"center center","background-size":"auto","background-attachment":"scroll","background-type":"","background-media":"","overlay-type":"","overlay-color":"","overlay-opacity":"","overlay-gradient":""},"mobile":{"background-color":"var(--ast-global-color-5)","background-image":"","background-repeat":"repeat","background-position":"center center","background-size":"auto","background-attachment":"scroll","background-type":"","background-media":"","overlay-type":"","overlay-color":"","overlay-opacity":"","overlay-gradient":""}},"footnotes":""},"categories":[7],"tags":[],"class_list":["post-2178","post","type-post","status-publish","format-standard","has-post-thumbnail","hentry","category-politika"],"aioseo_notices":[],"_links":{"self":[{"href":"https:\/\/delinaprej.eu\/index.php\/wp-json\/wp\/v2\/posts\/2178","targetHints":{"allow":["GET"]}}],"collection":[{"href":"https:\/\/delinaprej.eu\/index.php\/wp-json\/wp\/v2\/posts"}],"about":[{"href":"https:\/\/delinaprej.eu\/index.php\/wp-json\/wp\/v2\/types\/post"}],"author":[{"embeddable":true,"href":"https:\/\/delinaprej.eu\/index.php\/wp-json\/wp\/v2\/users\/1"}],"replies":[{"embeddable":true,"href":"https:\/\/delinaprej.eu\/index.php\/wp-json\/wp\/v2\/comments?post=2178"}],"version-history":[{"count":7,"href":"https:\/\/delinaprej.eu\/index.php\/wp-json\/wp\/v2\/posts\/2178\/revisions"}],"predecessor-version":[{"id":2191,"href":"https:\/\/delinaprej.eu\/index.php\/wp-json\/wp\/v2\/posts\/2178\/revisions\/2191"}],"wp:featuredmedia":[{"embeddable":true,"href":"https:\/\/delinaprej.eu\/index.php\/wp-json\/wp\/v2\/media\/2180"}],"wp:attachment":[{"href":"https:\/\/delinaprej.eu\/index.php\/wp-json\/wp\/v2\/media?parent=2178"}],"wp:term":[{"taxonomy":"category","embeddable":true,"href":"https:\/\/delinaprej.eu\/index.php\/wp-json\/wp\/v2\/categories?post=2178"},{"taxonomy":"post_tag","embeddable":true,"href":"https:\/\/delinaprej.eu\/index.php\/wp-json\/wp\/v2\/tags?post=2178"}],"curies":[{"name":"wp","href":"https:\/\/api.w.org\/{rel}","templated":true}]}}