{"id":1663,"date":"2022-10-20T14:05:22","date_gmt":"2022-10-20T12:05:22","guid":{"rendered":"https:\/\/delinaprej.eu\/?p=1663"},"modified":"2022-10-20T14:05:41","modified_gmt":"2022-10-20T12:05:41","slug":"spostovani-dr-milan-brglez","status":"publish","type":"post","link":"https:\/\/delinaprej.eu\/index.php\/2022\/10\/20\/spostovani-dr-milan-brglez\/","title":{"rendered":"Spo\u0161tovani dr. Milan Brglez &#8230; \ud83c\uddf8\ud83c\uddee"},"content":{"rendered":"<p><strong><em>Poslano 20.10.2022<\/em><\/strong><br \/>\n<em>milan.brglez@europarl.europa.eu<\/em><br \/>\n<em>cc<\/em><br \/>\n<em>Ambro\u017ei\u010d Manica RTV Slovenija<\/em><br \/>\n<em>Tav\u010dar Pirkovi\u010d Ana RTV Slovenija<\/em><\/p>\n<table style=\"border: 0px; padding: 0px; width: 900px; margin-left: auto; margin-right: auto;\">\n<tbody>\n<tr>\n<td style=\"padding: 15px; border: 1px solid #000000;\">JAVNO PISMO<\/p>\n<p>Spo\u0161tovani dr. Milan Brglez,<\/p>\n<p>Kot slovenskega predstavnika v Evropskem parlamentu, vplivnega \u010dlana stranke SD in kandidata na volitvah za predsednika Republike Slovenije vas prosim za va\u0161 odgovor na vpra\u0161anje<\/p>\n<p>ALI PODPIRATE ALI NASPROTUJETE<\/p>\n<p>zahtevi tistih evroposlancev, ki predlagajo takoj\u0161njo u\u010dinkovito in transparentno uradno evropsko parlamentarno preiskavo z namenom:<\/p>\n<p>1.\/dobiti in seznaniti evropske dr\u017eavljanke in dr\u017eavljane s prikrito vsebino pogodb o nabavi cepiv zoper Covid-19,<\/p>\n<p>2.\/prou\u010diti in seznaniti javnost z dejanji odgovornih oseb Evropske medicinske agencije EMA, ki so proizvajalcem pomanjkljivo testiranih neu\u010dinkovitih cepiv zoper Covid-19 podarile dovoljenje za mno\u017ei\u010dno cepljenje ljudi,<\/p>\n<p>3.\/v primeru utemeljenega suma zavajanja kupcev\/javnosti spro\u017eiti zoper proizvajalce Covid cepiv ustrezne od\u0161kodninske zahtevke,<\/p>\n<p>4.\/v primeru utemeljenega suma nevestnega in\/ali koruptivnega ravnanja za\u010deti kazenski pregon odgovornih oseb.<\/p>\n<p>PRILOGE:<\/p>\n<p>1.\/Nizozemski poslanec Rob Roos:<br \/>\n&#8220;V Evropskem parlamentu je direktorica farmacevtske dru\u017ebe Pfizer izjavila, da niso testirali\/ugotavljali ali njihovo cepivo prepre\u010duje prenos bolezni Covid-19 na druge osebe&#8221;:<br \/>\n<a href=\"https:\/\/odysee.com\/@JakaKozmos:c\/Rob_Ross_sl:c\" target=\"_blank\" rel=\"noopener\">https:\/\/odysee.com\/@JakaKozmos:c\/Rob_Ross_sl:c<\/a><\/p>\n<p>2.\/Hrva\u0161ki poslanec v Evropskem parlamentu Mislav Kolaku\u0161i\u0107: Poziv predsednici Evropske komisije Ursuli von der Leyen, da nemudoma prekine pogodbo z dru\u017ebo Pfizer in zahteva od\u0161kodnino zaradi zavajanja oz. prodaje neu\u010dinkovitih cepiv. Odgovorne osebe je potrebno kazensko ovaditi:<br \/>\n<a href=\"https:\/\/odysee.com\/@JakaKozmos:c\/Kolakusic_raskid_pogodbe:6\" target=\"_blank\" rel=\"noopener\">https:\/\/odysee.com\/@JakaKozmos:c\/Kolakusic_raskid_pogodbe:6<\/a><\/p>\n<p>3.\/Romunjski poslanec v Evropskem parlamentu Cristian Terhes:<br \/>\n&#8220;Proizvajalci cepiv zoper Covid-19 (npr. Pfizer) skrivajo pred javnostjo in mediji vsebino pogodb, ki so jih sklenili z Evropsko komisijo za nakup\/prodajo teh cepiv&#8221;:<br \/>\n<a href=\"https:\/\/odysee.com\/@JakaKozmos:c\/Terhes_u_1_sl:e\" target=\"_blank\" rel=\"noopener\">https:\/\/odysee.com\/@JakaKozmos:c\/Terhes_u_1_sl:e<\/a><\/p>\n<p>4.\/Nem\u0161ka poslanka v Evropskem parlamentu Christine Anderson: &#8220;predstavniki evropskih dr\u017eavljank in dr\u017eavljanov \u0161e vedno \u0161irijo dezinformacije o u\u010dinkovitosti in varnosti Covid cepiv&#8221;:<br \/>\n<a href=\"https:\/\/odysee.com\/@JakaKozmos:c\/Anderson_Pfizer_sl:8\" target=\"_blank\" rel=\"noopener\">https:\/\/odysee.com\/@JakaKozmos:c\/Anderson_Pfizer_sl:8<\/a><\/p>\n<p>Zahvaljujem se za va\u0161 odgovor \u0161e pred volitvami predsednika Republike Slovenije<\/p>\n<p>S spo\u0161tovanjem<\/p>\n<p>mag. Vladimir Pirnat, dr.med.<\/td>\n<\/tr>\n<\/tbody>\n<\/table>\n<p><a href=\"https:\/\/odysee.com\/@JakaKozmos:c\/Terhes_u_1_sl:e\" target=\"_blank\" rel=\"noopener\"><img loading=\"lazy\" decoding=\"async\" class=\"alignnone wp-image-1667\" src=\"https:\/\/delinaprej.eu\/wp-content\/uploads\/2022\/10\/terhes_1_sl.mp4_snapshot_02.20.000.jpg\" alt=\"\" width=\"600\" height=\"338\" srcset=\"https:\/\/delinaprej.eu\/wp-content\/uploads\/2022\/10\/terhes_1_sl.mp4_snapshot_02.20.000.jpg 1280w, https:\/\/delinaprej.eu\/wp-content\/uploads\/2022\/10\/terhes_1_sl.mp4_snapshot_02.20.000-300x169.jpg 300w, https:\/\/delinaprej.eu\/wp-content\/uploads\/2022\/10\/terhes_1_sl.mp4_snapshot_02.20.000-1024x576.jpg 1024w, https:\/\/delinaprej.eu\/wp-content\/uploads\/2022\/10\/terhes_1_sl.mp4_snapshot_02.20.000-768x432.jpg 768w\" sizes=\"auto, (max-width: 600px) 100vw, 600px\" \/><\/a><br \/>\n&nbsp;<\/p>\n","protected":false},"excerpt":{"rendered":"<p>Poslano 20.10.2022 milan.brglez@europarl.europa.eu cc Ambro\u017ei\u010d Manica RTV Slovenija Tav\u010dar Pirkovi\u010d Ana RTV Slovenija JAVNO PISMO Spo\u0161tovani dr. Milan Brglez, Kot slovenskega predstavnika v Evropskem parlamentu, vplivnega \u010dlana stranke SD in kandidata na volitvah za predsednika [&hellip;]<\/p>\n","protected":false},"author":4,"featured_media":1667,"comment_status":"closed","ping_status":"closed","sticky":false,"template":"","format":"standard","meta":{"site-sidebar-layout":"default","site-content-layout":"default","ast-site-content-layout":"default","site-content-style":"default","site-sidebar-style":"default","ast-global-header-display":"","ast-banner-title-visibility":"","ast-main-header-display":"","ast-hfb-above-header-display":"","ast-hfb-below-header-display":"","ast-hfb-mobile-header-display":"","site-post-title":"","ast-breadcrumbs-content":"","ast-featured-img":"","footer-sml-layout":"","ast-disable-related-posts":"","theme-transparent-header-meta":"default","adv-header-id-meta":"","stick-header-meta":"","header-above-stick-meta":"","header-main-stick-meta":"","header-below-stick-meta":"","astra-migrate-meta-layouts":"default","ast-page-background-enabled":"default","ast-page-background-meta":{"desktop":{"background-color":"var(--ast-global-color-4)","background-image":"","background-repeat":"repeat","background-position":"center center","background-size":"auto","background-attachment":"scroll","background-type":"","background-media":"","overlay-type":"","overlay-color":"","overlay-opacity":"","overlay-gradient":""},"tablet":{"background-color":"","background-image":"","background-repeat":"repeat","background-position":"center center","background-size":"auto","background-attachment":"scroll","background-type":"","background-media":"","overlay-type":"","overlay-color":"","overlay-opacity":"","overlay-gradient":""},"mobile":{"background-color":"","background-image":"","background-repeat":"repeat","background-position":"center center","background-size":"auto","background-attachment":"scroll","background-type":"","background-media":"","overlay-type":"","overlay-color":"","overlay-opacity":"","overlay-gradient":""}},"ast-content-background-meta":{"desktop":{"background-color":"var(--ast-global-color-5)","background-image":"","background-repeat":"repeat","background-position":"center center","background-size":"auto","background-attachment":"scroll","background-type":"","background-media":"","overlay-type":"","overlay-color":"","overlay-opacity":"","overlay-gradient":""},"tablet":{"background-color":"var(--ast-global-color-5)","background-image":"","background-repeat":"repeat","background-position":"center center","background-size":"auto","background-attachment":"scroll","background-type":"","background-media":"","overlay-type":"","overlay-color":"","overlay-opacity":"","overlay-gradient":""},"mobile":{"background-color":"var(--ast-global-color-5)","background-image":"","background-repeat":"repeat","background-position":"center center","background-size":"auto","background-attachment":"scroll","background-type":"","background-media":"","overlay-type":"","overlay-color":"","overlay-opacity":"","overlay-gradient":""}},"footnotes":""},"categories":[41,7],"tags":[],"class_list":["post-1663","post","type-post","status-publish","format-standard","has-post-thumbnail","hentry","category-cepiva-vakcine","category-politika"],"aioseo_notices":[],"aioseo_head":"\n\t\t<!-- All in One SEO 5.0.0.1 - aioseo.com -->\n\t<meta name=\"description\" content=\"Poslano 20.10.2022 milan.brglez@europarl.europa.eu cc Ambro\u017ei\u010d Manica RTV Slovenija Tav\u010dar Pirkovi\u010d Ana RTV Slovenija JAVNO PISMO Spo\u0161tovani dr. Milan Brglez, Kot slovenskega predstavnika v Evropskem parlamentu, vplivnega \u010dlana stranke SD in kandidata na volitvah za predsednika Republike Slovenije vas prosim za va\u0161 odgovor na vpra\u0161anje ALI PODPIRATE ALI NASPROTUJETE zahtevi tistih evroposlancev, ki predlagajo takoj\u0161njo u\u010dinkovito\" \/>\n\t<meta name=\"robots\" content=\"max-image-preview:large\" \/>\n\t<meta name=\"author\" content=\"Pirnat Vladimir\"\/>\n\t<link rel=\"canonical\" href=\"https:\/\/delinaprej.eu\/index.php\/2022\/10\/20\/spostovani-dr-milan-brglez\/\" \/>\n\t<meta name=\"generator\" content=\"All in One SEO (AIOSEO) 5.0.0.1\" \/>\n\t\t<meta property=\"og:locale\" content=\"en_US\" \/>\n\t\t<meta property=\"og:site_name\" content=\"Deli Naprej ... - Tukaj so druga mnenja ... ali pa\u010d ...\" \/>\n\t\t<meta property=\"og:type\" content=\"article\" \/>\n\t\t<meta property=\"og:title\" content=\"Spo\u0161tovani dr. Milan Brglez \u2026 \ud83c\uddf8\ud83c\uddee - Deli Naprej ...\" \/>\n\t\t<meta property=\"og:description\" content=\"Poslano 20.10.2022 milan.brglez@europarl.europa.eu cc Ambro\u017ei\u010d Manica RTV Slovenija Tav\u010dar Pirkovi\u010d Ana RTV Slovenija JAVNO PISMO Spo\u0161tovani dr. Milan Brglez, Kot slovenskega predstavnika v Evropskem parlamentu, vplivnega \u010dlana stranke SD in kandidata na volitvah za predsednika Republike Slovenije vas prosim za va\u0161 odgovor na vpra\u0161anje ALI PODPIRATE ALI NASPROTUJETE zahtevi tistih evroposlancev, ki predlagajo takoj\u0161njo u\u010dinkovito\" \/>\n\t\t<meta property=\"og:url\" content=\"https:\/\/delinaprej.eu\/index.php\/2022\/10\/20\/spostovani-dr-milan-brglez\/\" \/>\n\t\t<meta property=\"og:image\" content=\"https:\/\/delinaprej.eu\/wp-content\/uploads\/2022\/10\/terhes_1_sl.mp4_snapshot_02.20.000.jpg\" \/>\n\t\t<meta property=\"og:image:secure_url\" content=\"https:\/\/delinaprej.eu\/wp-content\/uploads\/2022\/10\/terhes_1_sl.mp4_snapshot_02.20.000.jpg\" \/>\n\t\t<meta property=\"og:image:width\" content=\"1280\" \/>\n\t\t<meta property=\"og:image:height\" content=\"720\" \/>\n\t\t<meta property=\"article:published_time\" content=\"2022-10-20T12:05:22+00:00\" \/>\n\t\t<meta property=\"article:modified_time\" content=\"2022-10-20T12:05:41+00:00\" \/>\n\t\t<meta name=\"twitter:card\" content=\"summary_large_image\" \/>\n\t\t<meta name=\"twitter:title\" content=\"Spo\u0161tovani dr. Milan Brglez \u2026 \ud83c\uddf8\ud83c\uddee - Deli Naprej ...\" \/>\n\t\t<meta name=\"twitter:description\" content=\"Poslano 20.10.2022 milan.brglez@europarl.europa.eu cc Ambro\u017ei\u010d Manica RTV Slovenija Tav\u010dar Pirkovi\u010d Ana RTV Slovenija JAVNO PISMO Spo\u0161tovani dr. Milan Brglez, Kot slovenskega predstavnika v Evropskem parlamentu, vplivnega \u010dlana stranke SD in kandidata na volitvah za predsednika Republike Slovenije vas prosim za va\u0161 odgovor na vpra\u0161anje ALI PODPIRATE ALI NASPROTUJETE zahtevi tistih evroposlancev, ki predlagajo takoj\u0161njo u\u010dinkovito\" \/>\n\t\t<meta name=\"twitter:image\" content=\"https:\/\/delinaprej.eu\/wp-content\/uploads\/2022\/10\/terhes_1_sl.mp4_snapshot_02.20.000.jpg\" \/>\n\t\t<script type=\"application\/ld+json\" class=\"aioseo-schema\">\n\t\t\t{\"@context\":\"https:\\\/\\\/schema.org\",\"@graph\":[{\"@type\":\"BlogPosting\",\"@id\":\"https:\\\/\\\/delinaprej.eu\\\/index.php\\\/2022\\\/10\\\/20\\\/spostovani-dr-milan-brglez\\\/#blogposting\",\"name\":\"Spo\\u0161tovani dr. Milan Brglez \\u2026 \\ud83c\\uddf8\\ud83c\\uddee - Deli Naprej ...\",\"headline\":\"Spo\\u0161tovani dr. Milan Brglez &#8230; \\ud83c\\uddf8\\ud83c\\uddee\",\"author\":{\"@id\":\"https:\\\/\\\/delinaprej.eu\\\/index.php\\\/author\\\/vladimirpirnat\\\/#author\"},\"publisher\":{\"@id\":\"https:\\\/\\\/delinaprej.eu\\\/#person\"},\"image\":{\"@type\":\"ImageObject\",\"url\":\"https:\\\/\\\/delinaprej.eu\\\/wp-content\\\/uploads\\\/2022\\\/10\\\/terhes_1_sl.mp4_snapshot_02.20.000.jpg\",\"width\":1280,\"height\":720},\"datePublished\":\"2022-10-20T14:05:22+02:00\",\"dateModified\":\"2022-10-20T14:05:41+02:00\",\"inLanguage\":\"en-US\",\"mainEntityOfPage\":{\"@id\":\"https:\\\/\\\/delinaprej.eu\\\/index.php\\\/2022\\\/10\\\/20\\\/spostovani-dr-milan-brglez\\\/#webpage\"},\"isPartOf\":{\"@id\":\"https:\\\/\\\/delinaprej.eu\\\/index.php\\\/2022\\\/10\\\/20\\\/spostovani-dr-milan-brglez\\\/#webpage\"},\"articleSection\":\"Cepiva \\\/ vakcine, Politika\"},{\"@type\":\"BreadcrumbList\",\"@id\":\"https:\\\/\\\/delinaprej.eu\\\/index.php\\\/2022\\\/10\\\/20\\\/spostovani-dr-milan-brglez\\\/#breadcrumblist\",\"itemListElement\":[{\"@type\":\"ListItem\",\"@id\":\"https:\\\/\\\/delinaprej.eu#listItem\",\"position\":1,\"name\":\"Home\",\"item\":\"https:\\\/\\\/delinaprej.eu\",\"nextItem\":{\"@type\":\"ListItem\",\"@id\":\"https:\\\/\\\/delinaprej.eu\\\/index.php\\\/category\\\/medicina\\\/#listItem\",\"name\":\"Medicina\"}},{\"@type\":\"ListItem\",\"@id\":\"https:\\\/\\\/delinaprej.eu\\\/index.php\\\/category\\\/medicina\\\/#listItem\",\"position\":2,\"name\":\"Medicina\",\"item\":\"https:\\\/\\\/delinaprej.eu\\\/index.php\\\/category\\\/medicina\\\/\",\"nextItem\":{\"@type\":\"ListItem\",\"@id\":\"https:\\\/\\\/delinaprej.eu\\\/index.php\\\/category\\\/medicina\\\/cepiva-vakcine\\\/#listItem\",\"name\":\"Cepiva \\\/ vakcine\"},\"previousItem\":{\"@type\":\"ListItem\",\"@id\":\"https:\\\/\\\/delinaprej.eu#listItem\",\"name\":\"Home\"}},{\"@type\":\"ListItem\",\"@id\":\"https:\\\/\\\/delinaprej.eu\\\/index.php\\\/category\\\/medicina\\\/cepiva-vakcine\\\/#listItem\",\"position\":3,\"name\":\"Cepiva \\\/ vakcine\",\"item\":\"https:\\\/\\\/delinaprej.eu\\\/index.php\\\/category\\\/medicina\\\/cepiva-vakcine\\\/\",\"nextItem\":{\"@type\":\"ListItem\",\"@id\":\"https:\\\/\\\/delinaprej.eu\\\/index.php\\\/2022\\\/10\\\/20\\\/spostovani-dr-milan-brglez\\\/#listItem\",\"name\":\"Spo\\u0161tovani dr. Milan Brglez &#8230; \\ud83c\\uddf8\\ud83c\\uddee\"},\"previousItem\":{\"@type\":\"ListItem\",\"@id\":\"https:\\\/\\\/delinaprej.eu\\\/index.php\\\/category\\\/medicina\\\/#listItem\",\"name\":\"Medicina\"}},{\"@type\":\"ListItem\",\"@id\":\"https:\\\/\\\/delinaprej.eu\\\/index.php\\\/2022\\\/10\\\/20\\\/spostovani-dr-milan-brglez\\\/#listItem\",\"position\":4,\"name\":\"Spo\\u0161tovani dr. Milan Brglez &#8230; \\ud83c\\uddf8\\ud83c\\uddee\",\"previousItem\":{\"@type\":\"ListItem\",\"@id\":\"https:\\\/\\\/delinaprej.eu\\\/index.php\\\/category\\\/medicina\\\/cepiva-vakcine\\\/#listItem\",\"name\":\"Cepiva \\\/ vakcine\"}}]},{\"@type\":\"Person\",\"@id\":\"https:\\\/\\\/delinaprej.eu\\\/#person\",\"name\":\"admin\",\"image\":{\"@type\":\"ImageObject\",\"@id\":\"https:\\\/\\\/delinaprej.eu\\\/index.php\\\/2022\\\/10\\\/20\\\/spostovani-dr-milan-brglez\\\/#personImage\",\"url\":\"https:\\\/\\\/secure.gravatar.com\\\/avatar\\\/e942957d6d0ff00cecff9deeea87cd8bf0acc951a0dcc09f9b0955925cc2dfbd?s=96&d=mm&r=g\",\"width\":96,\"height\":96,\"caption\":\"admin\"}},{\"@type\":\"Person\",\"@id\":\"https:\\\/\\\/delinaprej.eu\\\/index.php\\\/author\\\/vladimirpirnat\\\/#author\",\"url\":\"https:\\\/\\\/delinaprej.eu\\\/index.php\\\/author\\\/vladimirpirnat\\\/\",\"name\":\"Pirnat Vladimir\",\"image\":{\"@type\":\"ImageObject\",\"@id\":\"https:\\\/\\\/delinaprej.eu\\\/index.php\\\/2022\\\/10\\\/20\\\/spostovani-dr-milan-brglez\\\/#authorImage\",\"url\":\"https:\\\/\\\/delinaprej.eu\\\/wp-content\\\/uploads\\\/2022\\\/08\\\/cropped-Pirnat-96x96.jpg\",\"width\":96,\"height\":96,\"caption\":\"Pirnat Vladimir\"}},{\"@type\":\"WebPage\",\"@id\":\"https:\\\/\\\/delinaprej.eu\\\/index.php\\\/2022\\\/10\\\/20\\\/spostovani-dr-milan-brglez\\\/#webpage\",\"url\":\"https:\\\/\\\/delinaprej.eu\\\/index.php\\\/2022\\\/10\\\/20\\\/spostovani-dr-milan-brglez\\\/\",\"name\":\"Spo\\u0161tovani dr. Milan Brglez \\u2026 \\ud83c\\uddf8\\ud83c\\uddee - Deli Naprej ...\",\"description\":\"Poslano 20.10.2022 milan.brglez@europarl.europa.eu cc Ambro\\u017ei\\u010d Manica RTV Slovenija Tav\\u010dar Pirkovi\\u010d Ana RTV Slovenija JAVNO PISMO Spo\\u0161tovani dr. Milan Brglez, Kot slovenskega predstavnika v Evropskem parlamentu, vplivnega \\u010dlana stranke SD in kandidata na volitvah za predsednika Republike Slovenije vas prosim za va\\u0161 odgovor na vpra\\u0161anje ALI PODPIRATE ALI NASPROTUJETE zahtevi tistih evroposlancev, ki predlagajo takoj\\u0161njo u\\u010dinkovito\",\"inLanguage\":\"en-US\",\"isPartOf\":{\"@id\":\"https:\\\/\\\/delinaprej.eu\\\/#website\"},\"breadcrumb\":{\"@id\":\"https:\\\/\\\/delinaprej.eu\\\/index.php\\\/2022\\\/10\\\/20\\\/spostovani-dr-milan-brglez\\\/#breadcrumblist\"},\"author\":{\"@id\":\"https:\\\/\\\/delinaprej.eu\\\/index.php\\\/author\\\/vladimirpirnat\\\/#author\"},\"creator\":{\"@id\":\"https:\\\/\\\/delinaprej.eu\\\/index.php\\\/author\\\/vladimirpirnat\\\/#author\"},\"image\":{\"@type\":\"ImageObject\",\"url\":\"https:\\\/\\\/delinaprej.eu\\\/wp-content\\\/uploads\\\/2022\\\/10\\\/terhes_1_sl.mp4_snapshot_02.20.000.jpg\",\"@id\":\"https:\\\/\\\/delinaprej.eu\\\/index.php\\\/2022\\\/10\\\/20\\\/spostovani-dr-milan-brglez\\\/#mainImage\",\"width\":1280,\"height\":720},\"primaryImageOfPage\":{\"@id\":\"https:\\\/\\\/delinaprej.eu\\\/index.php\\\/2022\\\/10\\\/20\\\/spostovani-dr-milan-brglez\\\/#mainImage\"},\"datePublished\":\"2022-10-20T14:05:22+02:00\",\"dateModified\":\"2022-10-20T14:05:41+02:00\"},{\"@type\":\"WebSite\",\"@id\":\"https:\\\/\\\/delinaprej.eu\\\/#website\",\"url\":\"https:\\\/\\\/delinaprej.eu\\\/\",\"name\":\"Deli Naprej ...\",\"description\":\"Tukaj so druga mnenja ... ali pa\\u010d ...\",\"inLanguage\":\"en-US\",\"publisher\":{\"@id\":\"https:\\\/\\\/delinaprej.eu\\\/#person\"}}]}\n\t\t<\/script>\n\t\t<!-- All in One SEO -->\n\n","aioseo_head_json":{"title":"Spo\u0161tovani dr. Milan Brglez \u2026 \ud83c\uddf8\ud83c\uddee - Deli Naprej ...","description":"Poslano 20.10.2022 milan.brglez@europarl.europa.eu cc Ambro\u017ei\u010d Manica RTV Slovenija Tav\u010dar Pirkovi\u010d Ana RTV Slovenija JAVNO PISMO Spo\u0161tovani dr. Milan Brglez, Kot slovenskega predstavnika v Evropskem parlamentu, vplivnega \u010dlana stranke SD in kandidata na volitvah za predsednika Republike Slovenije vas prosim za va\u0161 odgovor na vpra\u0161anje ALI PODPIRATE ALI NASPROTUJETE zahtevi tistih evroposlancev, ki predlagajo takoj\u0161njo u\u010dinkovito","canonical_url":"https:\/\/delinaprej.eu\/index.php\/2022\/10\/20\/spostovani-dr-milan-brglez\/","robots":"max-image-preview:large","keywords":"","webmasterTools":{"miscellaneous":""},"schema":{"@context":"https:\/\/schema.org","@graph":[{"@type":"BlogPosting","@id":"https:\/\/delinaprej.eu\/index.php\/2022\/10\/20\/spostovani-dr-milan-brglez\/#blogposting","name":"Spo\u0161tovani dr. Milan Brglez \u2026 \ud83c\uddf8\ud83c\uddee - Deli Naprej ...","headline":"Spo\u0161tovani dr. Milan Brglez &#8230; \ud83c\uddf8\ud83c\uddee","author":{"@id":"https:\/\/delinaprej.eu\/index.php\/author\/vladimirpirnat\/#author"},"publisher":{"@id":"https:\/\/delinaprej.eu\/#person"},"image":{"@type":"ImageObject","url":"https:\/\/delinaprej.eu\/wp-content\/uploads\/2022\/10\/terhes_1_sl.mp4_snapshot_02.20.000.jpg","width":1280,"height":720},"datePublished":"2022-10-20T14:05:22+02:00","dateModified":"2022-10-20T14:05:41+02:00","inLanguage":"en-US","mainEntityOfPage":{"@id":"https:\/\/delinaprej.eu\/index.php\/2022\/10\/20\/spostovani-dr-milan-brglez\/#webpage"},"isPartOf":{"@id":"https:\/\/delinaprej.eu\/index.php\/2022\/10\/20\/spostovani-dr-milan-brglez\/#webpage"},"articleSection":"Cepiva \/ vakcine, Politika"},{"@type":"BreadcrumbList","@id":"https:\/\/delinaprej.eu\/index.php\/2022\/10\/20\/spostovani-dr-milan-brglez\/#breadcrumblist","itemListElement":[{"@type":"ListItem","@id":"https:\/\/delinaprej.eu#listItem","position":1,"name":"Home","item":"https:\/\/delinaprej.eu","nextItem":{"@type":"ListItem","@id":"https:\/\/delinaprej.eu\/index.php\/category\/medicina\/#listItem","name":"Medicina"}},{"@type":"ListItem","@id":"https:\/\/delinaprej.eu\/index.php\/category\/medicina\/#listItem","position":2,"name":"Medicina","item":"https:\/\/delinaprej.eu\/index.php\/category\/medicina\/","nextItem":{"@type":"ListItem","@id":"https:\/\/delinaprej.eu\/index.php\/category\/medicina\/cepiva-vakcine\/#listItem","name":"Cepiva \/ vakcine"},"previousItem":{"@type":"ListItem","@id":"https:\/\/delinaprej.eu#listItem","name":"Home"}},{"@type":"ListItem","@id":"https:\/\/delinaprej.eu\/index.php\/category\/medicina\/cepiva-vakcine\/#listItem","position":3,"name":"Cepiva \/ vakcine","item":"https:\/\/delinaprej.eu\/index.php\/category\/medicina\/cepiva-vakcine\/","nextItem":{"@type":"ListItem","@id":"https:\/\/delinaprej.eu\/index.php\/2022\/10\/20\/spostovani-dr-milan-brglez\/#listItem","name":"Spo\u0161tovani dr. Milan Brglez &#8230; \ud83c\uddf8\ud83c\uddee"},"previousItem":{"@type":"ListItem","@id":"https:\/\/delinaprej.eu\/index.php\/category\/medicina\/#listItem","name":"Medicina"}},{"@type":"ListItem","@id":"https:\/\/delinaprej.eu\/index.php\/2022\/10\/20\/spostovani-dr-milan-brglez\/#listItem","position":4,"name":"Spo\u0161tovani dr. Milan Brglez &#8230; \ud83c\uddf8\ud83c\uddee","previousItem":{"@type":"ListItem","@id":"https:\/\/delinaprej.eu\/index.php\/category\/medicina\/cepiva-vakcine\/#listItem","name":"Cepiva \/ vakcine"}}]},{"@type":"Person","@id":"https:\/\/delinaprej.eu\/#person","name":"admin","image":{"@type":"ImageObject","@id":"https:\/\/delinaprej.eu\/index.php\/2022\/10\/20\/spostovani-dr-milan-brglez\/#personImage","url":"https:\/\/secure.gravatar.com\/avatar\/e942957d6d0ff00cecff9deeea87cd8bf0acc951a0dcc09f9b0955925cc2dfbd?s=96&d=mm&r=g","width":96,"height":96,"caption":"admin"}},{"@type":"Person","@id":"https:\/\/delinaprej.eu\/index.php\/author\/vladimirpirnat\/#author","url":"https:\/\/delinaprej.eu\/index.php\/author\/vladimirpirnat\/","name":"Pirnat Vladimir","image":{"@type":"ImageObject","@id":"https:\/\/delinaprej.eu\/index.php\/2022\/10\/20\/spostovani-dr-milan-brglez\/#authorImage","url":"https:\/\/delinaprej.eu\/wp-content\/uploads\/2022\/08\/cropped-Pirnat-96x96.jpg","width":96,"height":96,"caption":"Pirnat Vladimir"}},{"@type":"WebPage","@id":"https:\/\/delinaprej.eu\/index.php\/2022\/10\/20\/spostovani-dr-milan-brglez\/#webpage","url":"https:\/\/delinaprej.eu\/index.php\/2022\/10\/20\/spostovani-dr-milan-brglez\/","name":"Spo\u0161tovani dr. Milan Brglez \u2026 \ud83c\uddf8\ud83c\uddee - Deli Naprej ...","description":"Poslano 20.10.2022 milan.brglez@europarl.europa.eu cc Ambro\u017ei\u010d Manica RTV Slovenija Tav\u010dar Pirkovi\u010d Ana RTV Slovenija JAVNO PISMO Spo\u0161tovani dr. Milan Brglez, Kot slovenskega predstavnika v Evropskem parlamentu, vplivnega \u010dlana stranke SD in kandidata na volitvah za predsednika Republike Slovenije vas prosim za va\u0161 odgovor na vpra\u0161anje ALI PODPIRATE ALI NASPROTUJETE zahtevi tistih evroposlancev, ki predlagajo takoj\u0161njo u\u010dinkovito","inLanguage":"en-US","isPartOf":{"@id":"https:\/\/delinaprej.eu\/#website"},"breadcrumb":{"@id":"https:\/\/delinaprej.eu\/index.php\/2022\/10\/20\/spostovani-dr-milan-brglez\/#breadcrumblist"},"author":{"@id":"https:\/\/delinaprej.eu\/index.php\/author\/vladimirpirnat\/#author"},"creator":{"@id":"https:\/\/delinaprej.eu\/index.php\/author\/vladimirpirnat\/#author"},"image":{"@type":"ImageObject","url":"https:\/\/delinaprej.eu\/wp-content\/uploads\/2022\/10\/terhes_1_sl.mp4_snapshot_02.20.000.jpg","@id":"https:\/\/delinaprej.eu\/index.php\/2022\/10\/20\/spostovani-dr-milan-brglez\/#mainImage","width":1280,"height":720},"primaryImageOfPage":{"@id":"https:\/\/delinaprej.eu\/index.php\/2022\/10\/20\/spostovani-dr-milan-brglez\/#mainImage"},"datePublished":"2022-10-20T14:05:22+02:00","dateModified":"2022-10-20T14:05:41+02:00"},{"@type":"WebSite","@id":"https:\/\/delinaprej.eu\/#website","url":"https:\/\/delinaprej.eu\/","name":"Deli Naprej ...","description":"Tukaj so druga mnenja ... ali pa\u010d ...","inLanguage":"en-US","publisher":{"@id":"https:\/\/delinaprej.eu\/#person"}}]},"og:locale":"en_US","og:site_name":"Deli Naprej ... - Tukaj so druga mnenja ... ali pa\u010d ...","og:type":"article","og:title":"Spo\u0161tovani dr. Milan Brglez \u2026 \ud83c\uddf8\ud83c\uddee - Deli Naprej ...","og:description":"Poslano 20.10.2022 milan.brglez@europarl.europa.eu cc Ambro\u017ei\u010d Manica RTV Slovenija Tav\u010dar Pirkovi\u010d Ana RTV Slovenija JAVNO PISMO Spo\u0161tovani dr. Milan Brglez, Kot slovenskega predstavnika v Evropskem parlamentu, vplivnega \u010dlana stranke SD in kandidata na volitvah za predsednika Republike Slovenije vas prosim za va\u0161 odgovor na vpra\u0161anje ALI PODPIRATE ALI NASPROTUJETE zahtevi tistih evroposlancev, ki predlagajo takoj\u0161njo u\u010dinkovito","og:url":"https:\/\/delinaprej.eu\/index.php\/2022\/10\/20\/spostovani-dr-milan-brglez\/","og:image":"https:\/\/delinaprej.eu\/wp-content\/uploads\/2022\/10\/terhes_1_sl.mp4_snapshot_02.20.000.jpg","og:image:secure_url":"https:\/\/delinaprej.eu\/wp-content\/uploads\/2022\/10\/terhes_1_sl.mp4_snapshot_02.20.000.jpg","og:image:width":1280,"og:image:height":720,"article:published_time":"2022-10-20T12:05:22+00:00","article:modified_time":"2022-10-20T12:05:41+00:00","twitter:card":"summary_large_image","twitter:title":"Spo\u0161tovani dr. Milan Brglez \u2026 \ud83c\uddf8\ud83c\uddee - Deli Naprej ...","twitter:description":"Poslano 20.10.2022 milan.brglez@europarl.europa.eu cc Ambro\u017ei\u010d Manica RTV Slovenija Tav\u010dar Pirkovi\u010d Ana RTV Slovenija JAVNO PISMO Spo\u0161tovani dr. Milan Brglez, Kot slovenskega predstavnika v Evropskem parlamentu, vplivnega \u010dlana stranke SD in kandidata na volitvah za predsednika Republike Slovenije vas prosim za va\u0161 odgovor na vpra\u0161anje ALI PODPIRATE ALI NASPROTUJETE zahtevi tistih evroposlancev, ki predlagajo takoj\u0161njo u\u010dinkovito","twitter:image":"https:\/\/delinaprej.eu\/wp-content\/uploads\/2022\/10\/terhes_1_sl.mp4_snapshot_02.20.000.jpg"},"aioseo_meta_data":{"post_id":"1663","title":null,"description":null,"keywords":null,"keyphrases":null,"primary_term":null,"canonical_url":null,"og_title":null,"og_description":null,"og_object_type":"default","og_image_type":"default","og_image_url":null,"og_image_width":null,"og_image_height":null,"og_image_custom_url":null,"og_image_custom_fields":null,"og_video":null,"og_custom_url":null,"og_article_section":null,"og_article_tags":null,"twitter_use_og":false,"twitter_card":"default","twitter_image_type":"default","twitter_image_url":null,"twitter_image_custom_url":null,"twitter_image_custom_fields":null,"twitter_title":null,"twitter_description":null,"schema":{"blockGraphs":[],"customGraphs":[],"default":{"data":{"Article":[],"Course":[],"Dataset":[],"FAQPage":[],"Movie":[],"Person":[],"Product":[],"ProductReview":[],"Car":[],"Recipe":[],"Service":[],"SoftwareApplication":[],"WebPage":[]},"graphName":"","isEnabled":true},"graphs":[]},"schema_type":"default","schema_type_options":null,"pillar_content":false,"robots_default":true,"robots_noindex":false,"robots_noarchive":false,"robots_nosnippet":false,"robots_nofollow":false,"robots_noimageindex":false,"robots_noodp":false,"robots_notranslate":false,"robots_max_snippet":null,"robots_max_videopreview":null,"robots_max_imagepreview":"large","priority":null,"frequency":null,"local_seo":null,"breadcrumb_settings":null,"limit_modified_date":false,"ai":null,"created":"2024-04-01 13:34:09","updated":"2025-06-22 10:37:59","seo_analyzer_scan_date":null,"focus_keyword":null,"additional_keywords":null,"truseo_locale":null},"aioseo_breadcrumb":"<div class=\"aioseo-breadcrumbs\"><span class=\"aioseo-breadcrumb\">\n\t\t\t<a href=\"https:\/\/delinaprej.eu\" title=\"Home\">Home<\/a>\n\t\t<\/span><span class=\"aioseo-breadcrumb-separator\">&raquo;<\/span><span class=\"aioseo-breadcrumb\">\n\t\t\t<a href=\"https:\/\/delinaprej.eu\/index.php\/category\/medicina\/\" title=\"Medicina\">Medicina<\/a>\n\t\t<\/span><span class=\"aioseo-breadcrumb-separator\">&raquo;<\/span><span class=\"aioseo-breadcrumb\">\n\t\t\t<a href=\"https:\/\/delinaprej.eu\/index.php\/category\/medicina\/cepiva-vakcine\/\" title=\"Cepiva \/ vakcine\">Cepiva \/ vakcine<\/a>\n\t\t<\/span><span class=\"aioseo-breadcrumb-separator\">&raquo;<\/span><span class=\"aioseo-breadcrumb\">\n\t\t\tSpo\u0161tovani dr. Milan Brglez \u2026 \ud83c\uddf8\ud83c\uddee\n\t\t<\/span><\/div>","aioseo_breadcrumb_json":[{"label":"Home","link":"https:\/\/delinaprej.eu"},{"label":"Medicina","link":"https:\/\/delinaprej.eu\/index.php\/category\/medicina\/"},{"label":"Cepiva \/ vakcine","link":"https:\/\/delinaprej.eu\/index.php\/category\/medicina\/cepiva-vakcine\/"},{"label":"Spo\u0161tovani dr. Milan Brglez &#8230; \ud83c\uddf8\ud83c\uddee","link":"https:\/\/delinaprej.eu\/index.php\/2022\/10\/20\/spostovani-dr-milan-brglez\/"}],"_links":{"self":[{"href":"https:\/\/delinaprej.eu\/index.php\/wp-json\/wp\/v2\/posts\/1663","targetHints":{"allow":["GET"]}}],"collection":[{"href":"https:\/\/delinaprej.eu\/index.php\/wp-json\/wp\/v2\/posts"}],"about":[{"href":"https:\/\/delinaprej.eu\/index.php\/wp-json\/wp\/v2\/types\/post"}],"author":[{"embeddable":true,"href":"https:\/\/delinaprej.eu\/index.php\/wp-json\/wp\/v2\/users\/4"}],"replies":[{"embeddable":true,"href":"https:\/\/delinaprej.eu\/index.php\/wp-json\/wp\/v2\/comments?post=1663"}],"version-history":[{"count":11,"href":"https:\/\/delinaprej.eu\/index.php\/wp-json\/wp\/v2\/posts\/1663\/revisions"}],"predecessor-version":[{"id":1675,"href":"https:\/\/delinaprej.eu\/index.php\/wp-json\/wp\/v2\/posts\/1663\/revisions\/1675"}],"wp:featuredmedia":[{"embeddable":true,"href":"https:\/\/delinaprej.eu\/index.php\/wp-json\/wp\/v2\/media\/1667"}],"wp:attachment":[{"href":"https:\/\/delinaprej.eu\/index.php\/wp-json\/wp\/v2\/media?parent=1663"}],"wp:term":[{"taxonomy":"category","embeddable":true,"href":"https:\/\/delinaprej.eu\/index.php\/wp-json\/wp\/v2\/categories?post=1663"},{"taxonomy":"post_tag","embeddable":true,"href":"https:\/\/delinaprej.eu\/index.php\/wp-json\/wp\/v2\/tags?post=1663"}],"curies":[{"name":"wp","href":"https:\/\/api.w.org\/{rel}","templated":true}]}}