{"id":1578,"date":"2022-10-10T20:38:01","date_gmt":"2022-10-10T18:38:01","guid":{"rendered":"https:\/\/delinaprej.eu\/?p=1578"},"modified":"2022-10-10T20:38:40","modified_gmt":"2022-10-10T18:38:40","slug":"in-kdo-bo-odgovarjal-porocilo-cdc-rekordno-stevilo-otrok-hospitaliziranih-po-tem-ko-je-bila-njihova-imuniteta-oslabljena","status":"publish","type":"post","link":"https:\/\/delinaprej.eu\/index.php\/2022\/10\/10\/in-kdo-bo-odgovarjal-porocilo-cdc-rekordno-stevilo-otrok-hospitaliziranih-po-tem-ko-je-bila-njihova-imuniteta-oslabljena\/","title":{"rendered":"In, kdo bo odgovarjal &#8230; Poro\u010dilo CDC: Rekordno \u0161tevilo otrok hospitaliziranih po tem, ko je bila njihova imuniteta oslabljena &#8230; \ud83c\uddf8\ud83c\uddee"},"content":{"rendered":"<h3 class=\"entry-title\">Poro\u010dilo CDC: Rekordno \u0161tevilo otrok hospitaliziranih po tem, ko je bila njihova imuniteta oslabljena zaradi socialne distance in mask<\/h3>\n<p>Avtor:\u00a0<a href=\"https:\/\/www.thegatewaypundit.com\/author\/aliciap\/\" target=\"_blank\" rel=\"noopener\" data-type=\"Internal link\" data-type-location=\"before-article-meta\">Alicia Powe<\/a><br \/>\nObjavljeno 8. oktobra 2022 ob 17.20<\/p>\n<p><a href=\"https:\/\/srb.delinaprej.eu\/wp\/wp-content\/uploads\/2022\/10\/masks-still-dont-work.webp\" target=\"_blank\" rel=\"noopener\"><img decoding=\"async\" class=\"alignnone\" src=\"https:\/\/srb.delinaprej.eu\/wp\/wp-content\/uploads\/2022\/10\/masks-still-dont-work.webp\" alt=\"\" width=\"600\" \/><\/a><\/p>\n<p><a href=\"https:\/\/www.cdc.gov\/mmwr\/volumes\/71\/wr\/mm7140e1.htm?s_cid%3Dmm7140e1_w\" target=\"_blank\" rel=\"noopener\">Glede na novo poro\u010dilo,<\/a>\u00a0ki ga je objavil Center za nadzor in prepre\u010devanje\u00a0bolezni, je rekordno \u0161tevilo otrok in mladih razvilo oslabljen imunski sistem in so hospitalizirani zaradi zdravljenja prehlada in bolezni dihal .<\/p>\n<p>CDC je zbral vzorce iz naklju\u010dnih pediatri\u010dnih bolni\u0161nic v Zdru\u017eenih dr\u017eavah, vklju\u010dno z Washingtonom, Teksasom, New Yorkom in Ohiom, da bi izmeril raz\u0161irjenost virusov.<\/p>\n<p>Vladna agencija je ugotovila, da so virusi navadnega prehlada avgusta 2021 dosegli najvi\u0161jo raven med otroki in mladimi, mlaj\u0161imi od 18 let, glede na\u00a0<a href=\"https:\/\/www.cdc.gov\/mmwr\/volumes\/71\/wr\/mm7140e1.htm?s_cid%3Dmm7140e1_w\" target=\"_blank\" rel=\"noopener\">tedensko poro\u010dilo CDC o obolevnosti in umrljivosti<\/a>, objavljeno 7. oktobra.<\/p>\n<p>Skoraj 700 otrok je bilo hospitaliziranih z respiratornimi virusi na sedmih oddelkih, ki jih je avgusta pregledal CDC.<\/p>\n<p class=\"article-extras trending\">Petinpetdeset odstotkov otrok je bilo pozitivnih na respiratorni sincicijski virus, kar je najvi\u0161ja raven, kadar koli zabele\u017eena poleti.\u00a0V zimskih mesecih se z RSV obi\u010dajno oku\u017ei pribli\u017eno 30 odstotkov bolnikov.<\/p>\n<p>Decembra 2021 je bilo 60 odstotkov otrok na oddelkih z boleznijo dihal oku\u017eenih z RSV, kar je rekord vseh \u010dasov.<\/p>\n<p>Lo\u010deni podatki, ki jih je objavil CDC, ka\u017eejo tudi izjemno visoko stopnjo hospitalizacije med mal\u010dki z boleznimi dihal,\u00a0<a href=\"https:\/\/www.dailymail.co.uk\/health\/article-11287779\/Record-numbers-toddlers-hospitalized-colds-immunity-weakened-restrictions.html\" target=\"_blank\" rel=\"noopener\">poro\u010da<\/a>\u00a0Daily Mail.<\/p>\n<p>Podatki, ki jih je septembra zbral CDC, ka\u017eejo, da ima 4,7 odstotka otrok, mlaj\u0161ih od \u0161tirih let, te\u017eave z dihanjem, kar je rekordno veliko.<\/p>\n<p>Dr. Scott Roberrts, medicinski direktor na univerzi Yale, trdi, da so zapiranja ovirala sposobnost otrok, da razvijejo imunost na pogoste bolezni.<\/p>\n<p>&#8220;To ima dve posledici,&#8221; je Roberts\u00a0<a href=\"https:\/\/www.dailymail.co.uk\/health\/article-11287779\/Record-numbers-toddlers-hospitalized-colds-immunity-weakened-restrictions.html\" target=\"_blank\" rel=\"noopener\">povedal za<\/a>\u00a0Daily Mail.\u00a0&#8220;Prvi\u010d, vrzel daje \u010das, da virusi \u0161e bolj mutirajo in povzro\u010dijo huj\u0161o bolezen.&#8221;<\/p>\n<p>&#8220;Drugi\u010d, ne glede na to, kak\u0161na imuniteta je bila zgrajena na te viruse, bo oslabela, zaradi \u010desar je imunski odziv zdaj veliko manj mo\u010dan,&#8221; je nadaljeval.<\/p>\n<p>Poleg vse ve\u010dje osiroma\u0161ene imunosti pri otrocih so avtoritarni kcovidni ukrepi negativno vplivali tudi na kognitivni razvoj otrok.<\/p>\n<p>Logopedi so opazili zaskrbljujo\u010d porast \u0161tevila dojen\u010dkov in mal\u010dkov, ki zamujajo pri govoru.<\/p>\n<p>No\u0161enje mask je povzro\u010dilo 364-odstotno pove\u010danje \u0161tevila napotitev za dojen\u010dke in mal\u010dke, opozarja logopedinja Jaclyn Theek.<\/p>\n<div><iframe loading=\"lazy\" id=\"twitter-widget-0\" title=\"Twitter Tweet\" src=\"https:\/\/platform.twitter.com\/embed\/Tweet.html?dnt=true&amp;embedId=twitter-widget-0&amp;features=eyJ0ZndfdGltZWxpbmVfbGlzdCI6eyJidWNrZXQiOlsibGlua3RyLmVlIiwidHIuZWUiLCJ0ZXJyYS5jb20uYnIiLCJ3d3cubGlua3RyLmVlIiwid3d3LnRyLmVlIiwid3d3LnRlcnJhLmNvbS5iciJdLCJ2ZXJzaW9uIjpudWxsfSwidGZ3X2hvcml6b25fdGltZWxpbmVfMTIwMzQiOnsiYnVja2V0IjoidHJlYXRtZW50IiwidmVyc2lvbiI6bnVsbH0sInRmd190d2VldF9lZGl0X2JhY2tlbmQiOnsiYnVja2V0Ijoib24iLCJ2ZXJzaW9uIjpudWxsfSwidGZ3X3JlZnNyY19zZXNzaW9uIjp7ImJ1Y2tldCI6Im9uIiwidmVyc2lvbiI6bnVsbH0sInRmd19jaGluX3BpbGxzXzE0NzQxIjp7ImJ1Y2tldCI6ImNvbG9yX2ljb25zIiwidmVyc2lvbiI6bnVsbH0sInRmd190d2VldF9yZXN1bHRfbWlncmF0aW9uXzEzOTc5Ijp7ImJ1Y2tldCI6InR3ZWV0X3Jlc3VsdCIsInZlcnNpb24iOm51bGx9LCJ0Zndfc2Vuc2l0aXZlX21lZGlhX2ludGVyc3RpdGlhbF8xMzk2MyI6eyJidWNrZXQiOiJpbnRlcnN0aXRpYWwiLCJ2ZXJzaW9uIjpudWxsfSwidGZ3X2V4cGVyaW1lbnRzX2Nvb2tpZV9leHBpcmF0aW9uIjp7ImJ1Y2tldCI6MTIwOTYwMCwidmVyc2lvbiI6bnVsbH0sInRmd19kdXBsaWNhdGVfc2NyaWJlc190b19zZXR0aW5ncyI6eyJidWNrZXQiOiJvbiIsInZlcnNpb24iOm51bGx9LCJ0ZndfdmlkZW9faGxzX2R5bmFtaWNfbWFuaWZlc3RzXzE1MDgyIjp7ImJ1Y2tldCI6InRydWVfYml0cmF0ZSIsInZlcnNpb24iOm51bGx9LCJ0ZndfdHdlZXRfZWRpdF9mcm9udGVuZCI6eyJidWNrZXQiOiJvbiIsInZlcnNpb24iOm51bGx9fQ%3D%3D&amp;frame=false&amp;hideCard=false&amp;hideThread=false&amp;id=1486348069121794054&amp;lang=en&amp;origin=https%3A%2F%2Fwww.thegatewaypundit.com%2F2022%2F10%2Fcdc-report-record-number-children-hospitalized-thier-immunity-weakened-social-distancing-masks%2F&amp;sessionId=8151d590e35fb029ca176ad5187117a3d123319f&amp;theme=light&amp;widgetsVersion=1c23387b1f70c%3A1664388199485&amp;width=500px\" width=\"490\" height=\"640\" frameborder=\"0\" scrolling=\"no\" allowfullscreen=\"allowfullscreen\" data-tweet-id=\"1486348069121794054\" data-mce-fragment=\"1\"><\/iframe><\/div>\n<p>\u010ceprav Covid prakti\u010dno ne predstavlja nobenega tveganja za zdravje otrok v normalnih okoli\u0161\u010dinah, Bidnova administracija \u0161e naprej vztraja, da otroci v \u0161oli \u0161e naprej nosijo maske.\u00a0Administracija\u00a0<a href=\"https:\/\/www.foxnews.com\/politics\/republicans-ask-why-biden-still-requires-masks-head-start-toddlers\" target=\"_blank\" rel=\"noopener\">\u0161e naprej<\/a>\u00a0zahteva obvezne za maske za mal\u010dke, stare 2 leti, v okviru zveznega programa Head Start.<\/p>\n<p>* * *<\/p>\n<p><img loading=\"lazy\" decoding=\"async\" class=\"alignnone size-medium\" src=\"https:\/\/srb.delinaprej.eu\/wp\/wp-content\/uploads\/2022\/10\/f501ef40c41ac01dc74a300f50c4b325.jpeg\" width=\"96\" height=\"96\" \/><br \/>\n<a href=\"https:\/\/www.thegatewaypundit.com\/author\/aliciap\/\" target=\"_blank\" rel=\"noopener\">Alicia Powe<\/a><\/p>\n<p>Povzetek<\/p>\n<p>Alicia je raziskovalna novinarka in multimedijska poro\u010devalka. Alicijino delo je predstavljeno na Gateway Pundit, Project Veritas, World Net Daily in Media Research Center, kjer razkriva goljufije in zlorabe v vladi, medijih, Veliki tehnologiji in Veliki farmaciji ter javno korupcijo. V novi tedenski oddaji Red Voice Media prina\u0161a svojo znamko resnice. Spremljajte Alicio tukaj:<br \/>\n<a href=\"https:\/\/linktr.ee\/aliciapowe\" target=\"_blank\" rel=\"noopener\">Facebook<\/a><\/p>\n<p><em>Vir:\u00a0<a href=\"https:\/\/www.thegatewaypundit.com\/2022\/10\/cdc-report-record-number-children-hospitalized-thier-immunity-weakened-social-distancing-masks\/\" target=\"_blank\" rel=\"noopener\">https:\/\/www.thegatewaypundit.com\/2022\/10\/cdc-report-record-number-children-hospitalized-thier-immunity-weakened-social-distancing-masks\/<\/a><\/em><br \/>\n&nbsp;<\/p>\n","protected":false},"excerpt":{"rendered":"<p>Poro\u010dilo CDC: Rekordno \u0161tevilo otrok hospitaliziranih po tem, ko je bila njihova imuniteta oslabljena zaradi socialne distance in mask Avtor:\u00a0Alicia Powe Objavljeno 8. oktobra 2022 ob 17.20 Glede na novo poro\u010dilo,\u00a0ki ga je objavil Center [&hellip;]<\/p>\n","protected":false},"author":1,"featured_media":1583,"comment_status":"closed","ping_status":"closed","sticky":false,"template":"","format":"standard","meta":{"_monsterinsights_skip_tracking":false,"_monsterinsights_sitenote_active":false,"_monsterinsights_sitenote_note":"","_monsterinsights_sitenote_category":0,"site-sidebar-layout":"default","site-content-layout":"default","ast-site-content-layout":"default","site-content-style":"default","site-sidebar-style":"default","ast-global-header-display":"","ast-banner-title-visibility":"","ast-main-header-display":"","ast-hfb-above-header-display":"","ast-hfb-below-header-display":"","ast-hfb-mobile-header-display":"","site-post-title":"","ast-breadcrumbs-content":"","ast-featured-img":"","footer-sml-layout":"","ast-disable-related-posts":"","theme-transparent-header-meta":"default","adv-header-id-meta":"","stick-header-meta":"","header-above-stick-meta":"","header-main-stick-meta":"","header-below-stick-meta":"","astra-migrate-meta-layouts":"default","ast-page-background-enabled":"default","ast-page-background-meta":{"desktop":{"background-color":"var(--ast-global-color-4)","background-image":"","background-repeat":"repeat","background-position":"center center","background-size":"auto","background-attachment":"scroll","background-type":"","background-media":"","overlay-type":"","overlay-color":"","overlay-opacity":"","overlay-gradient":""},"tablet":{"background-color":"","background-image":"","background-repeat":"repeat","background-position":"center center","background-size":"auto","background-attachment":"scroll","background-type":"","background-media":"","overlay-type":"","overlay-color":"","overlay-opacity":"","overlay-gradient":""},"mobile":{"background-color":"","background-image":"","background-repeat":"repeat","background-position":"center center","background-size":"auto","background-attachment":"scroll","background-type":"","background-media":"","overlay-type":"","overlay-color":"","overlay-opacity":"","overlay-gradient":""}},"ast-content-background-meta":{"desktop":{"background-color":"var(--ast-global-color-5)","background-image":"","background-repeat":"repeat","background-position":"center center","background-size":"auto","background-attachment":"scroll","background-type":"","background-media":"","overlay-type":"","overlay-color":"","overlay-opacity":"","overlay-gradient":""},"tablet":{"background-color":"var(--ast-global-color-5)","background-image":"","background-repeat":"repeat","background-position":"center center","background-size":"auto","background-attachment":"scroll","background-type":"","background-media":"","overlay-type":"","overlay-color":"","overlay-opacity":"","overlay-gradient":""},"mobile":{"background-color":"var(--ast-global-color-5)","background-image":"","background-repeat":"repeat","background-position":"center center","background-size":"auto","background-attachment":"scroll","background-type":"","background-media":"","overlay-type":"","overlay-color":"","overlay-opacity":"","overlay-gradient":""}},"footnotes":""},"categories":[5],"tags":[],"class_list":["post-1578","post","type-post","status-publish","format-standard","has-post-thumbnail","hentry","category-medicina"],"aioseo_notices":[],"_links":{"self":[{"href":"https:\/\/delinaprej.eu\/index.php\/wp-json\/wp\/v2\/posts\/1578","targetHints":{"allow":["GET"]}}],"collection":[{"href":"https:\/\/delinaprej.eu\/index.php\/wp-json\/wp\/v2\/posts"}],"about":[{"href":"https:\/\/delinaprej.eu\/index.php\/wp-json\/wp\/v2\/types\/post"}],"author":[{"embeddable":true,"href":"https:\/\/delinaprej.eu\/index.php\/wp-json\/wp\/v2\/users\/1"}],"replies":[{"embeddable":true,"href":"https:\/\/delinaprej.eu\/index.php\/wp-json\/wp\/v2\/comments?post=1578"}],"version-history":[{"count":6,"href":"https:\/\/delinaprej.eu\/index.php\/wp-json\/wp\/v2\/posts\/1578\/revisions"}],"predecessor-version":[{"id":1585,"href":"https:\/\/delinaprej.eu\/index.php\/wp-json\/wp\/v2\/posts\/1578\/revisions\/1585"}],"wp:featuredmedia":[{"embeddable":true,"href":"https:\/\/delinaprej.eu\/index.php\/wp-json\/wp\/v2\/media\/1583"}],"wp:attachment":[{"href":"https:\/\/delinaprej.eu\/index.php\/wp-json\/wp\/v2\/media?parent=1578"}],"wp:term":[{"taxonomy":"category","embeddable":true,"href":"https:\/\/delinaprej.eu\/index.php\/wp-json\/wp\/v2\/categories?post=1578"},{"taxonomy":"post_tag","embeddable":true,"href":"https:\/\/delinaprej.eu\/index.php\/wp-json\/wp\/v2\/tags?post=1578"}],"curies":[{"name":"wp","href":"https:\/\/api.w.org\/{rel}","templated":true}]}}