{"id":1426,"date":"2022-10-01T09:14:05","date_gmt":"2022-10-01T07:14:05","guid":{"rendered":"https:\/\/delinaprej.eu\/?p=1426"},"modified":"2022-10-01T09:14:59","modified_gmt":"2022-10-01T07:14:59","slug":"1426","status":"publish","type":"post","link":"https:\/\/delinaprej.eu\/index.php\/2022\/10\/01\/1426\/","title":{"rendered":"Ali bi morali to res videti, \u010de so injekcije Covid-19 u\u010dinkovite? \ud83c\uddf8\ud83c\uddee"},"content":{"rendered":"<h3>Trudeau opustil obvezno cepljenje proti kovidu, ker je bilo 9 od 10 smrti zaradi Covida-19 med trikrat\/\u0161tirikratno cepljenimi v zadnjih 3 mesecih<\/h3>\n<p><em>Avtor <a class=\"url fn n\" title=\"Oglejte si vse objave avtorja The Expos\u00e9\" href=\"https:\/\/expose-news.com\/author\/the-expose\/\" rel=\"author\">The Expos\u00e9<\/a>, <a title=\"6:59 zjutraj\" href=\"https:\/\/expose-news.com\/2022\/09\/27\/trudeau-ends-dictatorship-canada-90-covid-deaths-vaccinated\/\" rel=\"bookmark\">27. september 2022<\/a><\/em><\/p>\n<p><strong>Junija je bil kanadski premier Justin Trudeau \u017ee drugi\u010d pozitiven na Covid-19, \u010deprav je bil domnevno trikrat cepljen. Toda kljub temu osebnemu in jasnemu dokazu, da so injekcije proti Covidu-19 neuporabne, je Trudeau zavrnil odpravo obveznega cepljenja proti kovidu, ki ga je uveljavil po vsej Kanadi.<\/strong><\/p>\n<p><strong>Vendar je \u0161tiri mesece kasneje Trudeau kon\u010dno popustil in se odlo\u010dil, da <a href=\"https:\/\/www.independent.co.uk\/news\/canada-ap-toronto-covid-justin-trudeau-b2175408.html\" target=\"_blank\" rel=\"noreferrer noopener\"><span style=\"text-decoration-line: underline;\">opusti obezno cepljenje proti Covidu-19<\/span><\/a> po vsej Kanadi.<\/strong><\/p>\n<p><a href=\"https:\/\/delinaprej.eu\/wp-content\/uploads\/2022\/10\/image-289.webp\" target=\"_blank\" rel=\"noopener\"><img loading=\"lazy\" decoding=\"async\" class=\"alignnone wp-image-1437\" src=\"https:\/\/delinaprej.eu\/wp-content\/uploads\/2022\/10\/image-289-300x77.webp\" alt=\"\" width=\"600\" height=\"154\" srcset=\"https:\/\/delinaprej.eu\/wp-content\/uploads\/2022\/10\/image-289-300x77.webp 300w, https:\/\/delinaprej.eu\/wp-content\/uploads\/2022\/10\/image-289.webp 768w\" sizes=\"auto, (max-width: 600px) 100vw, 600px\" \/><\/a><\/p>\n<p><strong>Zakaj si je premislil? <span style=\"vertical-align: inherit;\">Trudeau bo najverjetneje trdil, da je to zaradi velikega uspeha uvajanja cepiva proti Covidu-19. Ampak bo lagal.<\/span><\/strong><\/p>\n<p><strong>Vemo, da bo lagal, ker uradna poro\u010dila kanadske vlade potrjujejo, da so v zadnjih treh mesecih \u0161tirikrat in trikrat cepljeni Kanad\u010dani predstavljali 9 od vsakih 10 smrti zaradi Covid-19.<\/strong><\/p>\n<p><strong>To in dejstvo, da je bil ve\u010dkrat pozitiven na Covid-19 kljub \u0161tevilnim vbodom, sta najverjetneje dva glavna razloga, zakaj se je Justin Trudeau kon\u010dno odlo\u010dil kon\u010dati svojo dveinpolletno diktaturo v imenu Covid-19 po vsej Kanadi.<\/strong><\/p>\n<p><strong><a href=\"https:\/\/delinaprej.eu\/wp-content\/uploads\/2022\/10\/image-286.webp\" target=\"_blank\" rel=\"noopener\"><img loading=\"lazy\" decoding=\"async\" class=\"alignnone wp-image-1436\" src=\"https:\/\/delinaprej.eu\/wp-content\/uploads\/2022\/10\/image-286-300x245.webp\" alt=\"\" width=\"600\" height=\"489\" srcset=\"https:\/\/delinaprej.eu\/wp-content\/uploads\/2022\/10\/image-286-300x245.webp 300w, https:\/\/delinaprej.eu\/wp-content\/uploads\/2022\/10\/image-286.webp 768w\" sizes=\"auto, (max-width: 600px) 100vw, 600px\" \/><\/a><\/strong><\/p>\n<p><span style=\"vertical-align: inherit;\">Kanadska vlada dnevno posodablja epidemiolo\u0161ka poro\u010dila o Covid-19, v katerih ob\u010dasno zagotovi nove podatke o primerih Covid-19, hospitalizacijah in smrtih, kadar in ko se jim zaho\u010de.<\/span><\/p>\n<p><span style=\"vertical-align: inherit;\">Naslednja tabela je vzeta iz njihove posodobitve 26. septembra, ki jo najdete <\/span><span style=\"text-decoration-line: underline;\"><strong><a href=\"https:\/\/health-infobase.canada.ca\/covid-19\/\"><span style=\"vertical-align: inherit;\">tukaj<\/span><\/a><\/strong><\/span><span style=\"vertical-align: inherit;\"> in prikazuje \u0161tevilo primerov, hospitalizacij in smrti glede na stanje cepljenja do 28. avgusta 2022 \u2013<\/span><\/p>\n<p><a href=\"https:\/\/delinaprej.eu\/wp-content\/uploads\/2022\/10\/image-287.webp\" target=\"_blank\" rel=\"noopener\"><img loading=\"lazy\" decoding=\"async\" class=\"alignnone wp-image-1435\" src=\"https:\/\/delinaprej.eu\/wp-content\/uploads\/2022\/10\/image-287-300x99.webp\" alt=\"\" width=\"600\" height=\"198\" srcset=\"https:\/\/delinaprej.eu\/wp-content\/uploads\/2022\/10\/image-287-300x99.webp 300w, https:\/\/delinaprej.eu\/wp-content\/uploads\/2022\/10\/image-287.webp 768w\" sizes=\"auto, (max-width: 600px) 100vw, 600px\" \/><\/a><br \/>\n<em><a href=\"https:\/\/health-infobase.canada.ca\/covid-19\/\" target=\"_blank\" rel=\"noreferrer noopener\"><span style=\"vertical-align: inherit;\">Vir<\/span><\/a><\/em><\/p>\n<p><span style=\"vertical-align: inherit;\">Na \u017ealost kanadska vlada posku\u0161a zavajati javnost z predstavljanjem \u0161tevila primerov, hospitalizacij in smrti, ki segajo vse do 14. decembra 2020. S tem lahko vklju\u010di ogromen val, ki se je zgodil januarja 2021 ko je samo 0,3 % prebivalstva Kanade veljalo za popolnoma cepljeno.<\/span><\/p>\n<div><\/div>\n<div><a href=\"https:\/\/delinaprej.eu\/wp-content\/uploads\/2022\/10\/image-44.webp\" target=\"_blank\" rel=\"noopener\"><img loading=\"lazy\" decoding=\"async\" class=\"alignnone wp-image-1434\" src=\"https:\/\/delinaprej.eu\/wp-content\/uploads\/2022\/10\/image-44-263x300.webp\" alt=\"\" width=\"600\" height=\"684\" srcset=\"https:\/\/delinaprej.eu\/wp-content\/uploads\/2022\/10\/image-44-263x300.webp 263w, https:\/\/delinaprej.eu\/wp-content\/uploads\/2022\/10\/image-44.webp 768w\" sizes=\"auto, (max-width: 600px) 100vw, 600px\" \/><\/a><\/div>\n<p><span style=\"vertical-align: inherit;\">Toda zahvaljujo\u010d &#8221; <\/span><a href=\"https:\/\/web.archive.org\/web\/20220622061056\/https:\/\/health-infobase.canada.ca\/covid-19\/\"><span style=\"text-decoration-line: underline;\"><span style=\"vertical-align: inherit;\">Wayback <\/span><\/span><\/a><span style=\"text-decoration-line: underline;\"><a href=\"https:\/\/web.archive.org\/web\/20220709152453\/https:\/\/health-infobase.canada.ca\/covid-19\/\"><span style=\"vertical-align: inherit;\">Machine<\/span><\/a><\/span><span style=\"vertical-align: inherit;\"> &#8220;, si lahko ogledamo predhodno objavljena poro\u010dila kanadske vlade in sami naredimo preprosto matematiko, da ugotovimo trenutno situacijo v zvezi s Covid-19 glede na status cepljenja.<\/span><\/p>\n<p><span style=\"vertical-align: inherit;\">Naslednja tabela je vzeta iz <\/span><a href=\"https:\/\/web.archive.org\/web\/20220622061056\/https:\/\/health-infobase.canada.ca\/covid-19\/\"><span style=\"vertical-align: inherit;\">poro\u010dila, objavljenega v za\u010detku julija 2022<\/span><\/a><span style=\"vertical-align: inherit;\">, in prikazuje \u0161tevilo primerov, hospitalizacij in smrti glede na status cepljenja med 14. decembrom 2020 in 12. junijem 2022 \u2013<\/span><\/p>\n<p><a href=\"https:\/\/delinaprej.eu\/wp-content\/uploads\/2022\/10\/image-288.webp\" target=\"_blank\" rel=\"noopener\"><img loading=\"lazy\" decoding=\"async\" class=\"alignnone wp-image-1433\" src=\"https:\/\/delinaprej.eu\/wp-content\/uploads\/2022\/10\/image-288-300x102.webp\" alt=\"\" width=\"600\" height=\"204\" srcset=\"https:\/\/delinaprej.eu\/wp-content\/uploads\/2022\/10\/image-288-300x102.webp 300w, https:\/\/delinaprej.eu\/wp-content\/uploads\/2022\/10\/image-288.webp 768w\" sizes=\"auto, (max-width: 600px) 100vw, 600px\" \/><\/a><br \/>\n<em><a href=\"https:\/\/web.archive.org\/web\/20220709152453\/https:\/\/health-infobase.canada.ca\/covid-19\/\" target=\"_blank\" rel=\"noreferrer noopener\"><span style=\"vertical-align: inherit;\">Vir<\/span><\/a><\/em><\/p>\n<p>Vse, kar moramo storiti, je, da izvedemo preprosto od\u0161tevanje, da sklepamo, kdo je odgovoren za zadnji val primerov Covid-19, hospitalizacij in smrti v Kanadi, in to so rezultati &#8230;<br \/>\n&nbsp;<\/p>\n<h4>Primeri Covida-19<\/h4>\n<p>Naslednji grafikon prikazuje \u0161tevilo primerov Covid-19 po celotni Kanadi glede na status cepljenja med 13. junijem in 28. avgustom 2022 \u2013<br \/>\n<a href=\"https:\/\/delinaprej.eu\/wp-content\/uploads\/2022\/10\/image-279.webp\" target=\"_blank\" rel=\"noopener\"><img loading=\"lazy\" decoding=\"async\" class=\"alignnone wp-image-1432\" src=\"https:\/\/delinaprej.eu\/wp-content\/uploads\/2022\/10\/image-279-300x247.webp\" alt=\"\" width=\"600\" height=\"493\" srcset=\"https:\/\/delinaprej.eu\/wp-content\/uploads\/2022\/10\/image-279-300x247.webp 300w, https:\/\/delinaprej.eu\/wp-content\/uploads\/2022\/10\/image-279-1024x842.webp 1024w, https:\/\/delinaprej.eu\/wp-content\/uploads\/2022\/10\/image-279-768x631.webp 768w, https:\/\/delinaprej.eu\/wp-content\/uploads\/2022\/10\/image-279.webp 1275w\" sizes=\"auto, (max-width: 600px) 100vw, 600px\" \/><\/a><\/p>\n<p>Najnovej\u0161i podatki ka\u017eejo, da je bilo med 13. junijem in 28. avgustom 2022 143.732 primerov Covid-19, od tega 119.974 cepljenih prebivalcev, od tega 88.427 med trikrat cepljenimi in 24.767 primerov med \u0161tirikrat cepljenimi.<\/p>\n<p><span style=\"vertical-align: inherit;\">To pomeni, da je necepljena populacija predstavljala 17 % primerov Covid-19, medtem ko je cepljena populacija predstavljala 83 %, od tega 94 % med trojno in \u0161tirikrat oku\u017eenimi.<\/span><br \/>\n&nbsp;<\/p>\n<h4>Hospitalizacije zaradi covida-19<\/h4>\n<p>Naslednja tabela prikazuje \u0161tevilo hospitalizacij zaradi Covida-19 po vsej Kanadi glede na status cepljenja med 13. junijem in 28. avgustom 2022 \u2013<\/p>\n<div><a href=\"https:\/\/delinaprej.eu\/wp-content\/uploads\/2022\/10\/image-283.webp\" target=\"_blank\" rel=\"noopener\"><img loading=\"lazy\" decoding=\"async\" class=\"alignnone wp-image-1431\" src=\"https:\/\/delinaprej.eu\/wp-content\/uploads\/2022\/10\/image-283-300x242.webp\" alt=\"\" width=\"600\" height=\"484\" srcset=\"https:\/\/delinaprej.eu\/wp-content\/uploads\/2022\/10\/image-283-300x242.webp 300w, https:\/\/delinaprej.eu\/wp-content\/uploads\/2022\/10\/image-283-1024x826.webp 1024w, https:\/\/delinaprej.eu\/wp-content\/uploads\/2022\/10\/image-283-768x619.webp 768w, https:\/\/delinaprej.eu\/wp-content\/uploads\/2022\/10\/image-283.webp 1275w\" sizes=\"auto, (max-width: 600px) 100vw, 600px\" \/><\/a><\/p>\n<p>Najnovej\u0161i podatki ka\u017eejo, da je bilo med 13. junijem in 28. avgustom 2022 11.777 hospitalizacij zaradi Covida-19, od tega 9.914 cepljenih prebivalcev, od tega 6.256 hospitalizacij med trikrat cepljenimi in 1.750 hospitalizacij med \u0161tirikrat cepljenimi.<\/p>\n<p><span style=\"vertical-align: inherit;\">To pomeni, da je necepljena populacija predstavljala le 16 % hospitalizacij zaradi Covida-19, medtem ko je cepljena populacija predstavljala 84 %, od tega 81 % med trikrat in \u0161tirikrat prebodenimi.<\/span><br \/>\n&nbsp;<\/p>\n<h4><span style=\"vertical-align: inherit;\">Smrti zaradi Covida-19<\/span><\/h4>\n<p>Naslednja tabela prikazuje \u0161tevilo smrti zaradi Covida-19 po celotni Kanadi glede na status cepljenja med 13. junijem in 28. avgustom 2022 \u2013<\/span><\/p>\n<div><a href=\"https:\/\/delinaprej.eu\/wp-content\/uploads\/2022\/10\/image-284.webp\" target=\"_blank\" rel=\"noopener\"><img loading=\"lazy\" decoding=\"async\" class=\"alignnone wp-image-1430\" src=\"https:\/\/delinaprej.eu\/wp-content\/uploads\/2022\/10\/image-284-300x247.webp\" alt=\"\" width=\"600\" height=\"493\" srcset=\"https:\/\/delinaprej.eu\/wp-content\/uploads\/2022\/10\/image-284-300x247.webp 300w, https:\/\/delinaprej.eu\/wp-content\/uploads\/2022\/10\/image-284-1024x842.webp 1024w, https:\/\/delinaprej.eu\/wp-content\/uploads\/2022\/10\/image-284-768x631.webp 768w, https:\/\/delinaprej.eu\/wp-content\/uploads\/2022\/10\/image-284.webp 1275w\" sizes=\"auto, (max-width: 600px) 100vw, 600px\" \/><\/a><\/p>\n<p>Najnovej\u0161i podatki ka\u017eejo, da je bilo med 13. junijem in 28. avgustom 2022 2.145 smrti zaradi Covida-19, cepljena populacija pa jih je predstavljala 1.841, s \u0161okantnimi 1.123 smrtnimi primeri med trikrat cepljenimi in 548 smrtnimi primeri med \u0161tirikrat cepljenimi.<\/p>\n<p><span style=\"vertical-align: inherit;\">To pomeni, da je necepljena populacija predstavljala samo 14 % smrti zaradi Covida-19, medtem ko je cepljena populacija predstavljala 86 %, od tega 90 % med trikrat in \u0161tirikrat vbodenimi.<\/span><\/p>\n<p><span style=\"vertical-align: inherit;\">Kljub mno\u017ei\u010dni kampanji za po\u017eivitvene odmerke in kanadski vladi, ki to obupno <\/span><span style=\"vertical-align: inherit;\">posku\u0161a\u00a0 <\/span><span style=\"vertical-align: inherit;\">prikriti, je nekaj \u010dasa, truda in preproste matematike razkrilo, da je bilo 9 od 10 primerov Covid-19 hospitalizacij in smrti <\/span><span style=\"vertical-align: inherit;\">zabele\u017eenih <\/span><span style=\"vertical-align: inherit;\"> med trikrat\/\u0161tirikrat cepljenimi prebivalci med 13. junijem in 28. avgustom 2022.<\/span><\/p>\n<p><a href=\"https:\/\/delinaprej.eu\/wp-content\/uploads\/2022\/10\/image-285.webp\" target=\"_blank\" rel=\"noopener\"><img loading=\"lazy\" decoding=\"async\" class=\"alignnone wp-image-1429\" src=\"https:\/\/delinaprej.eu\/wp-content\/uploads\/2022\/10\/image-285-300x235.webp\" alt=\"\" width=\"600\" height=\"469\" srcset=\"https:\/\/delinaprej.eu\/wp-content\/uploads\/2022\/10\/image-285-300x235.webp 300w, https:\/\/delinaprej.eu\/wp-content\/uploads\/2022\/10\/image-285-1024x801.webp 1024w, https:\/\/delinaprej.eu\/wp-content\/uploads\/2022\/10\/image-285-768x601.webp 768w, https:\/\/delinaprej.eu\/wp-content\/uploads\/2022\/10\/image-285.webp 1303w\" sizes=\"auto, (max-width: 600px) 100vw, 600px\" \/><\/a><\/p>\n<p>Ali bi morali to res videti, \u010de so injekcije Covid-19 u\u010dinkovite?<\/p>\n<p><span style=\"vertical-align: inherit;\"><span style=\"vertical-align: inherit;\"><span style=\"vertical-align: inherit;\"><span style=\"vertical-align: inherit;\">Absolutno ne. <\/span><\/span><\/span><span style=\"vertical-align: inherit;\"><span style=\"vertical-align: inherit;\"><span style=\"vertical-align: inherit;\">Te \u0161tevilke ka\u017eejo, da ve\u010d kot imate vbodov, ve\u010dja je verjetnost, da boste hospitalizirani ali izgubili \u017eivljenje, \u010de boste izpostavljeni poznanemu virusu Covid-19.<\/span><\/span><\/span><\/span><\/p>\n<p><span style=\"vertical-align: inherit;\">Zato se je Justin Trudeau kon\u010dno odlo\u010dil <\/span><span style=\"text-decoration-line: underline;\"><a href=\"https:\/\/www.independent.co.uk\/news\/canada-ap-toronto-covid-justin-trudeau-b2175408.html\" target=\"_blank\" rel=\"noreferrer noopener\"><span style=\"vertical-align: inherit;\">odstraniti pooblastila za cepivo proti Covid-19<\/span><\/a><\/span><span style=\"vertical-align: inherit;\"> in kon\u010dati svojo diktaturo v imenu Covid-19 po vsej Kanadi.<\/span><\/p>\n<p><span style=\"vertical-align: inherit;\"><span style=\"vertical-align: inherit;\"><span style=\"vertical-align: inherit;\"><span style=\"vertical-align: inherit;\">Ampak to lahko pomeni le eno. <\/span><\/span><\/span><span style=\"vertical-align: inherit;\"><span style=\"vertical-align: inherit;\"><span style=\"vertical-align: inherit;\">\u010cas je za novo Trudeaujevo diktaturo v imenu \u00bbpodnebnih sprememb\u00ab.<\/span><\/span><\/span><\/span><\/p>\n<p>Vir:\u00a0<a href=\"https:\/\/expose-news.com\/2022\/09\/27\/trudeau-ends-dictatorship-canada-90-covid-deaths-vaccinated\/?cmid=13dbb27f-2b6e-4a3b-a790-c786cd09c20b\" target=\"_blank\" rel=\"noopener\">https:\/\/expose-news.com\/2022\/09\/27\/trudeau-ends-dictatorship-canada-90-covid-deaths-vaccinated\/<\/a><br \/>\n&nbsp;<\/p>\n","protected":false},"excerpt":{"rendered":"<p>Trudeau opustil obvezno cepljenje proti kovidu, ker je bilo 9 od 10 smrti zaradi Covida-19 med trikrat\/\u0161tirikratno cepljenimi v zadnjih 3 mesecih Avtor The Expos\u00e9, 27. september 2022 Junija je bil kanadski premier Justin Trudeau [&hellip;]<\/p>\n","protected":false},"author":1,"featured_media":1436,"comment_status":"closed","ping_status":"closed","sticky":false,"template":"","format":"standard","meta":{"_monsterinsights_skip_tracking":false,"_monsterinsights_sitenote_active":false,"_monsterinsights_sitenote_note":"","_monsterinsights_sitenote_category":0,"site-sidebar-layout":"default","site-content-layout":"default","ast-site-content-layout":"default","site-content-style":"default","site-sidebar-style":"default","ast-global-header-display":"","ast-banner-title-visibility":"","ast-main-header-display":"","ast-hfb-above-header-display":"","ast-hfb-below-header-display":"","ast-hfb-mobile-header-display":"","site-post-title":"","ast-breadcrumbs-content":"","ast-featured-img":"","footer-sml-layout":"","ast-disable-related-posts":"","theme-transparent-header-meta":"default","adv-header-id-meta":"","stick-header-meta":"","header-above-stick-meta":"","header-main-stick-meta":"","header-below-stick-meta":"","astra-migrate-meta-layouts":"default","ast-page-background-enabled":"default","ast-page-background-meta":{"desktop":{"background-color":"var(--ast-global-color-4)","background-image":"","background-repeat":"repeat","background-position":"center center","background-size":"auto","background-attachment":"scroll","background-type":"","background-media":"","overlay-type":"","overlay-color":"","overlay-opacity":"","overlay-gradient":""},"tablet":{"background-color":"","background-image":"","background-repeat":"repeat","background-position":"center center","background-size":"auto","background-attachment":"scroll","background-type":"","background-media":"","overlay-type":"","overlay-color":"","overlay-opacity":"","overlay-gradient":""},"mobile":{"background-color":"","background-image":"","background-repeat":"repeat","background-position":"center center","background-size":"auto","background-attachment":"scroll","background-type":"","background-media":"","overlay-type":"","overlay-color":"","overlay-opacity":"","overlay-gradient":""}},"ast-content-background-meta":{"desktop":{"background-color":"var(--ast-global-color-5)","background-image":"","background-repeat":"repeat","background-position":"center center","background-size":"auto","background-attachment":"scroll","background-type":"","background-media":"","overlay-type":"","overlay-color":"","overlay-opacity":"","overlay-gradient":""},"tablet":{"background-color":"var(--ast-global-color-5)","background-image":"","background-repeat":"repeat","background-position":"center center","background-size":"auto","background-attachment":"scroll","background-type":"","background-media":"","overlay-type":"","overlay-color":"","overlay-opacity":"","overlay-gradient":""},"mobile":{"background-color":"var(--ast-global-color-5)","background-image":"","background-repeat":"repeat","background-position":"center center","background-size":"auto","background-attachment":"scroll","background-type":"","background-media":"","overlay-type":"","overlay-color":"","overlay-opacity":"","overlay-gradient":""}},"footnotes":""},"categories":[41,5,7],"tags":[],"class_list":["post-1426","post","type-post","status-publish","format-standard","has-post-thumbnail","hentry","category-cepiva-vakcine","category-medicina","category-politika"],"aioseo_notices":[],"_links":{"self":[{"href":"https:\/\/delinaprej.eu\/index.php\/wp-json\/wp\/v2\/posts\/1426","targetHints":{"allow":["GET"]}}],"collection":[{"href":"https:\/\/delinaprej.eu\/index.php\/wp-json\/wp\/v2\/posts"}],"about":[{"href":"https:\/\/delinaprej.eu\/index.php\/wp-json\/wp\/v2\/types\/post"}],"author":[{"embeddable":true,"href":"https:\/\/delinaprej.eu\/index.php\/wp-json\/wp\/v2\/users\/1"}],"replies":[{"embeddable":true,"href":"https:\/\/delinaprej.eu\/index.php\/wp-json\/wp\/v2\/comments?post=1426"}],"version-history":[{"count":16,"href":"https:\/\/delinaprej.eu\/index.php\/wp-json\/wp\/v2\/posts\/1426\/revisions"}],"predecessor-version":[{"id":1451,"href":"https:\/\/delinaprej.eu\/index.php\/wp-json\/wp\/v2\/posts\/1426\/revisions\/1451"}],"wp:featuredmedia":[{"embeddable":true,"href":"https:\/\/delinaprej.eu\/index.php\/wp-json\/wp\/v2\/media\/1436"}],"wp:attachment":[{"href":"https:\/\/delinaprej.eu\/index.php\/wp-json\/wp\/v2\/media?parent=1426"}],"wp:term":[{"taxonomy":"category","embeddable":true,"href":"https:\/\/delinaprej.eu\/index.php\/wp-json\/wp\/v2\/categories?post=1426"},{"taxonomy":"post_tag","embeddable":true,"href":"https:\/\/delinaprej.eu\/index.php\/wp-json\/wp\/v2\/tags?post=1426"}],"curies":[{"name":"wp","href":"https:\/\/api.w.org\/{rel}","templated":true}]}}