{"id":1270,"date":"2022-09-18T18:22:18","date_gmt":"2022-09-18T16:22:18","guid":{"rendered":"https:\/\/delinaprej.eu\/?p=1270"},"modified":"2022-09-18T19:20:06","modified_gmt":"2022-09-18T17:20:06","slug":"prva-slovenska-anti-davos-konferenca","status":"publish","type":"post","link":"https:\/\/delinaprej.eu\/index.php\/2022\/09\/18\/prva-slovenska-anti-davos-konferenca\/","title":{"rendered":"PRVA SLOVENSKA ANTI-DAVOS KONFERENCA &#8230; \ud83c\uddf8\ud83c\uddee"},"content":{"rendered":"<table style=\"border: 0px; padding: 0px; width: 800px;\">\n<tbody>\n<tr>\n<td style=\"padding: 15px; border: 0px;\"><iframe loading=\"lazy\" src=\"https:\/\/www.bitchute.com\/embed\/0f1wmKy1uh99\/\" width=\"640\" height=\"360\" frameborder=\"0\" scrolling=\"no\"><\/iframe><\/p>\n<div><a title=\"Triglav Media\" href=\"https:\/\/triglavmedia.si\/\"> <img decoding=\"async\" src=\"https:\/\/triglavmedia.si\/images\/logo\/logo2-400x60.png#joomlaImage:\/\/local-images\/logo\/logo2-400x60.png?width=400&amp;height=60\" alt=\"Triglav Media\" border=\"0\" \/> <\/a><\/div>\n<p><em>02 September 2022<\/em><\/p>\n<h4 style=\"text-align: center;\"><span style=\"color: #000000;\"> <span style=\"color: #000000;\"> PRVA SLOVENSKA ANTI-DAVOS KONFERENCA<\/span> <\/span><\/h4>\n<p style=\"text-align: center;\">TRIGLAV MEDIA ORGANIZIRA<br \/>\n<strong>PRVO SLOVENSKO ANTI-DAVOS KONFERENCO<\/strong><br \/>\nZA SUVERENO IN SVOBODNO SLOVENIJO<\/p>\n<p style=\"text-align: center;\"><strong>25. SEPTEMBER, 14.00 &#8211; 19.00<\/strong><br \/>\nHOTEL FOUR POINTS (MONS), LJUBLJANA<\/p>\n<h5 style=\"text-align: center;\">Namen Anti-Davos konference je vzpostavitev samoohranitvenih mehanizmov na\u0161ega naroda in dr\u017eave.<\/h5>\n<p>&nbsp;<\/p>\n<p style=\"text-align: left;\"><strong>PROGRAM:<\/strong><\/p>\n<p style=\"text-align: left;\"><strong>14.00 \u2013 15.00<\/strong> moderator Sre\u010dko \u0160orli<br \/>\n&#8211; Anton Komat: KAKO NADALJEVATI PO DAVOSU?<br \/>\n&#8211; Pater Karel Gr\u017ean NE DAVOS, NA NAS JE DA KREIRAMO NOVO NEBO IN NOVO ZEMLJO<br \/>\n&#8211; Dr. Toma\u017e Mastnak, Ph.D. DAVOS?<\/p>\n<p style=\"text-align: center;\"><a href=\"https:\/\/delinaprej.eu\/wp-content\/uploads\/2022\/09\/sorli-komat-gerzan-mastnak.jpg\" target=\"_blank\" rel=\"noopener\"><img loading=\"lazy\" decoding=\"async\" class=\"alignnone wp-image-1287\" src=\"https:\/\/delinaprej.eu\/wp-content\/uploads\/2022\/09\/sorli-komat-gerzan-mastnak-300x200.jpg\" alt=\"\" width=\"550\" height=\"367\" srcset=\"https:\/\/delinaprej.eu\/wp-content\/uploads\/2022\/09\/sorli-komat-gerzan-mastnak-300x200.jpg 300w, https:\/\/delinaprej.eu\/wp-content\/uploads\/2022\/09\/sorli-komat-gerzan-mastnak-768x512.jpg 768w, https:\/\/delinaprej.eu\/wp-content\/uploads\/2022\/09\/sorli-komat-gerzan-mastnak.jpg 900w\" sizes=\"auto, (max-width: 550px) 100vw, 550px\" \/><\/a><br \/>\nAnton Komat, Dr. Toma\u017e Mastnak, Sre\u010dko \u0160orli, pater Karel Gr\u017ean<\/p>\n<p><strong>15.30 \u2013 16.30<\/strong> moderator Robert Kri\u017eani\u010d<br \/>\n&#8211; Mag. Toma\u017e Ogrin: RESNI\u010cNA ZNANOST O GLOBALNEM SEGREVANJU<br \/>\n&#8211; Dr. Toma\u017e Makovec, Ph.D.: IATROGENA MEDICINA<br \/>\n&#8211; Dr. Sebastijan Piberl MD: VDOR V LJUDSKI UM IN NJEGOVA KONTROLA<br \/>\n&#8211; Dr. \u017diga Zebec, Ph.D.: KORONSKA CEPIVA IN GENETIKA<\/p>\n<p><strong>17.00 \u2013 17.30<\/strong> moderator Robert Kri\u017eani\u010d<br \/>\n&#8211; Dr. \u017divan Krevel MD: ZAVEDANJE, KLJU\u010c PRE\u017dIVETJA!<br \/>\n&#8211; Dr. Biserka Ilin MD: GLOBALISTI\u010cNA WHO IN IZSTOP SLOVENIJE<\/p>\n<p><strong>17.45 \u2013 18.45 GOST KONFERENCE: Dr. Sabina Sen\u010dar, predsedni\u0161ka kandidatka<\/strong>, moderator Robert Kri\u017eani\u010d. Pri predstavitvi predsedni\u0161ke kandidatke bomo imeli odprt mikrofon in bo publika lahko postavila vpra\u0161anja<\/p>\n<p style=\"text-align: center;\"><a href=\"https:\/\/delinaprej.eu\/wp-content\/uploads\/2022\/09\/sorli-sencar.jpg\" target=\"_blank\" rel=\"noopener\"><img loading=\"lazy\" decoding=\"async\" class=\"alignnone wp-image-1286\" src=\"https:\/\/delinaprej.eu\/wp-content\/uploads\/2022\/09\/sorli-sencar-200x300.jpg\" alt=\"\" width=\"550\" height=\"825\" srcset=\"https:\/\/delinaprej.eu\/wp-content\/uploads\/2022\/09\/sorli-sencar-200x300.jpg 200w, https:\/\/delinaprej.eu\/wp-content\/uploads\/2022\/09\/sorli-sencar.jpg 600w\" sizes=\"auto, (max-width: 550px) 100vw, 550px\" \/><\/a><br \/>\nDr. Sabina Sen\u010dar in Sre\u010dko \u0160orli<\/p>\n<p>Sre\u010danje ja namenjeno spoznavanju podobno misle\u010dih ljudi, povezovanju in skupnemu nastopu proti politiki svetovnega globalizma, ki prina\u0161a vojno, lakoto, rev\u0161\u010dino in bolezen. Imeli bomo dva polurna odmora, kjer boste lahko ustvarjali nova prijateljstva in zasnovali skupne projekte.<\/p>\n<p style=\"text-align: center;\"><a href=\"https:\/\/delinaprej.eu\/wp-content\/uploads\/2022\/09\/sorli-komat-gerzan-mastnak-sencar.jpg\" target=\"_blank\" rel=\"noopener\"><img loading=\"lazy\" decoding=\"async\" class=\"alignnone wp-image-1288\" src=\"https:\/\/delinaprej.eu\/wp-content\/uploads\/2022\/09\/sorli-komat-gerzan-mastnak-sencar-300x200.jpg\" alt=\"\" width=\"550\" height=\"367\" srcset=\"https:\/\/delinaprej.eu\/wp-content\/uploads\/2022\/09\/sorli-komat-gerzan-mastnak-sencar-300x200.jpg 300w, https:\/\/delinaprej.eu\/wp-content\/uploads\/2022\/09\/sorli-komat-gerzan-mastnak-sencar-768x512.jpg 768w, https:\/\/delinaprej.eu\/wp-content\/uploads\/2022\/09\/sorli-komat-gerzan-mastnak-sencar.jpg 900w\" sizes=\"auto, (max-width: 550px) 100vw, 550px\" \/><\/a><br \/>\nPovezovanje za skupen nastop proti politiki svetovnega globalizma<\/p>\n<p style=\"text-align: center;\">Sre\u010danje organizira Dru\u0161tvo za krepitev zavesti in zdravja VETRNICA v okviru projekta Triglav Media. Odlo\u010dili smo se, da bo vstop na konferenco prost. <strong>Vabimo pa Vas, da dogodek podprete s prostovoljno donacijo, ki jo boste lahko oddali na koncu konference.<\/strong><br \/>\nKontaktna oseba za medije je Sre\u010dko \u0160orli: <a href=\"mailto:info@triglavmedia.si\">info@triglavmedia.si<\/a><\/p>\n<\/td>\n<\/tr>\n<\/tbody>\n<\/table>\n<p>Vir: <a href=\"https:\/\/triglavmedia.si\/novice\/slovenija\/228-prva-slovenska-anti-davos-konferenca\" target=\"_blank\" rel=\"noopener\">https:\/\/triglavmedia.si\/novice\/slovenija\/228-prva-slovenska-anti-davos-konferenca<\/a><br \/>\n&nbsp;<\/p>\n","protected":false},"excerpt":{"rendered":"<p>02 September 2022 PRVA SLOVENSKA ANTI-DAVOS KONFERENCA TRIGLAV MEDIA ORGANIZIRA PRVO SLOVENSKO ANTI-DAVOS KONFERENCO ZA SUVERENO IN SVOBODNO SLOVENIJO 25. SEPTEMBER, 14.00 &#8211; 19.00 HOTEL FOUR POINTS (MONS), LJUBLJANA Namen Anti-Davos konference je vzpostavitev samoohranitvenih [&hellip;]<\/p>\n","protected":false},"author":1,"featured_media":1288,"comment_status":"closed","ping_status":"closed","sticky":false,"template":"","format":"standard","meta":{"_monsterinsights_skip_tracking":false,"_monsterinsights_sitenote_active":false,"_monsterinsights_sitenote_note":"","_monsterinsights_sitenote_category":0,"site-sidebar-layout":"default","site-content-layout":"default","ast-site-content-layout":"default","site-content-style":"default","site-sidebar-style":"default","ast-global-header-display":"","ast-banner-title-visibility":"","ast-main-header-display":"","ast-hfb-above-header-display":"","ast-hfb-below-header-display":"","ast-hfb-mobile-header-display":"","site-post-title":"","ast-breadcrumbs-content":"","ast-featured-img":"","footer-sml-layout":"","ast-disable-related-posts":"","theme-transparent-header-meta":"default","adv-header-id-meta":"","stick-header-meta":"","header-above-stick-meta":"","header-main-stick-meta":"","header-below-stick-meta":"","astra-migrate-meta-layouts":"default","ast-page-background-enabled":"default","ast-page-background-meta":{"desktop":{"background-color":"var(--ast-global-color-4)","background-image":"","background-repeat":"repeat","background-position":"center center","background-size":"auto","background-attachment":"scroll","background-type":"","background-media":"","overlay-type":"","overlay-color":"","overlay-opacity":"","overlay-gradient":""},"tablet":{"background-color":"","background-image":"","background-repeat":"repeat","background-position":"center center","background-size":"auto","background-attachment":"scroll","background-type":"","background-media":"","overlay-type":"","overlay-color":"","overlay-opacity":"","overlay-gradient":""},"mobile":{"background-color":"","background-image":"","background-repeat":"repeat","background-position":"center center","background-size":"auto","background-attachment":"scroll","background-type":"","background-media":"","overlay-type":"","overlay-color":"","overlay-opacity":"","overlay-gradient":""}},"ast-content-background-meta":{"desktop":{"background-color":"var(--ast-global-color-5)","background-image":"","background-repeat":"repeat","background-position":"center center","background-size":"auto","background-attachment":"scroll","background-type":"","background-media":"","overlay-type":"","overlay-color":"","overlay-opacity":"","overlay-gradient":""},"tablet":{"background-color":"var(--ast-global-color-5)","background-image":"","background-repeat":"repeat","background-position":"center center","background-size":"auto","background-attachment":"scroll","background-type":"","background-media":"","overlay-type":"","overlay-color":"","overlay-opacity":"","overlay-gradient":""},"mobile":{"background-color":"var(--ast-global-color-5)","background-image":"","background-repeat":"repeat","background-position":"center center","background-size":"auto","background-attachment":"scroll","background-type":"","background-media":"","overlay-type":"","overlay-color":"","overlay-opacity":"","overlay-gradient":""}},"footnotes":""},"categories":[33,7],"tags":[],"class_list":["post-1270","post","type-post","status-publish","format-standard","has-post-thumbnail","hentry","category-informacije","category-politika"],"aioseo_notices":[],"_links":{"self":[{"href":"https:\/\/delinaprej.eu\/index.php\/wp-json\/wp\/v2\/posts\/1270","targetHints":{"allow":["GET"]}}],"collection":[{"href":"https:\/\/delinaprej.eu\/index.php\/wp-json\/wp\/v2\/posts"}],"about":[{"href":"https:\/\/delinaprej.eu\/index.php\/wp-json\/wp\/v2\/types\/post"}],"author":[{"embeddable":true,"href":"https:\/\/delinaprej.eu\/index.php\/wp-json\/wp\/v2\/users\/1"}],"replies":[{"embeddable":true,"href":"https:\/\/delinaprej.eu\/index.php\/wp-json\/wp\/v2\/comments?post=1270"}],"version-history":[{"count":9,"href":"https:\/\/delinaprej.eu\/index.php\/wp-json\/wp\/v2\/posts\/1270\/revisions"}],"predecessor-version":[{"id":1290,"href":"https:\/\/delinaprej.eu\/index.php\/wp-json\/wp\/v2\/posts\/1270\/revisions\/1290"}],"wp:featuredmedia":[{"embeddable":true,"href":"https:\/\/delinaprej.eu\/index.php\/wp-json\/wp\/v2\/media\/1288"}],"wp:attachment":[{"href":"https:\/\/delinaprej.eu\/index.php\/wp-json\/wp\/v2\/media?parent=1270"}],"wp:term":[{"taxonomy":"category","embeddable":true,"href":"https:\/\/delinaprej.eu\/index.php\/wp-json\/wp\/v2\/categories?post=1270"},{"taxonomy":"post_tag","embeddable":true,"href":"https:\/\/delinaprej.eu\/index.php\/wp-json\/wp\/v2\/tags?post=1270"}],"curies":[{"name":"wp","href":"https:\/\/api.w.org\/{rel}","templated":true}]}}